{"id":898,"date":"2025-02-23T19:46:28","date_gmt":"2025-02-23T18:46:28","guid":{"rendered":"https:\/\/taekwondo-ida.fr\/?p=898"},"modified":"2025-02-23T19:46:29","modified_gmt":"2025-02-23T18:46:29","slug":"wafaa-et-caoutar-ceinture-noire","status":"publish","type":"post","link":"https:\/\/taekwondo-ida.fr\/index.php\/2025\/02\/23\/wafaa-et-caoutar-ceinture-noire\/","title":{"rendered":"Wafaa et Caoutar ceinture noire !"},"content":{"rendered":"\n<p>F\u00e9licitations \u00e0 nos 2 jumelles pour la r\u00e9ussite de la ceinture noire 1er dan apr\u00e8s l&rsquo;examen du dimanche 16 juin 2024 .<img loading=\"lazy\" decoding=\"async\" height=\"16\" width=\"16\" alt=\"\u2705\ufe0f\" src=\"https:\/\/static.xx.fbcdn.net\/images\/emoji.php\/v9\/tb4\/2\/16\/2705.png\"><\/p>\n\n\n\n<p>Sur la photo Wafaa , Hatem , Caoutar .<img loading=\"lazy\" decoding=\"async\" height=\"16\" width=\"16\" src=\"https:\/\/static.xx.fbcdn.net\/images\/emoji.php\/v9\/t1e\/2\/16\/1f60a.png\" alt=\"\ud83d\ude0a\"><\/p>\n\n\n\n<p>C&rsquo;est une pr\u00e9paration sur plusieurs mois qu&rsquo;on suivie les 2 s\u0153urs , c&rsquo;est donc une part de r\u00e9ussite \u00e9galement pour Hatem .<img loading=\"lazy\" decoding=\"async\" height=\"16\" width=\"16\" alt=\"\ud83d\udcaf\" src=\"https:\/\/static.xx.fbcdn.net\/images\/emoji.php\/v9\/t90\/2\/16\/1f4af.png\"><img loading=\"lazy\" decoding=\"async\" height=\"16\" width=\"16\" alt=\"\ud83d\udcaa\" src=\"https:\/\/static.xx.fbcdn.net\/images\/emoji.php\/v9\/tb\/2\/16\/1f4aa.png\"><\/p>\n\n\n\n<p><a><\/a>Bravo \u00e0 toute l&rsquo;\u00e9quipe. <img loading=\"lazy\" decoding=\"async\" height=\"16\" width=\"16\" alt=\"\ud83d\ude4f\" src=\"https:\/\/static.xx.fbcdn.net\/images\/emoji.php\/v9\/t1f\/2\/16\/1f64f.png\"><\/p>\n\n\n\n<p>Nous attendrons la remise des grades officiels par la Ligue Auvergne Rh\u00f4ne-Alpes \u00e0 la rentr\u00e9e.<\/p>\n\n\n\n<p>Pour publier les photos avec dipl\u00f4mes et ceintures.<\/p>\n\n\n\n<div class=\"wp-block-columns is-layout-flex wp-container-core-columns-is-layout-28f84493 wp-block-columns-is-layout-flex\">\n<div class=\"wp-block-column is-layout-flow wp-block-column-is-layout-flow\">\n<figure class=\"wp-block-image size-full\"><img loading=\"lazy\" decoding=\"async\" width=\"736\" height=\"1000\" src=\"https:\/\/taekwondo-ida.fr\/wp-content\/uploads\/2025\/02\/475460933_1029381262333004_9123818357543009387_n.jpg\" alt=\"\" class=\"wp-image-899\" srcset=\"https:\/\/taekwondo-ida.fr\/wp-content\/uploads\/2025\/02\/475460933_1029381262333004_9123818357543009387_n.jpg 736w, https:\/\/taekwondo-ida.fr\/wp-content\/uploads\/2025\/02\/475460933_1029381262333004_9123818357543009387_n-221x300.jpg 221w\" sizes=\"auto, (max-width: 736px) 100vw, 736px\" \/><\/figure>\n<\/div>\n\n\n\n<div class=\"wp-block-column is-layout-flow wp-block-column-is-layout-flow\">\n<div class=\"wp-block-columns is-layout-flex wp-container-core-columns-is-layout-28f84493 wp-block-columns-is-layout-flex\">\n<div class=\"wp-block-column is-layout-flow wp-block-column-is-layout-flow\">\n<div class=\"wp-block-columns is-layout-flex wp-container-core-columns-is-layout-28f84493 wp-block-columns-is-layout-flex\">\n<div class=\"wp-block-column is-layout-flow wp-block-column-is-layout-flow\">\n<figure class=\"wp-block-image size-full\"><img loading=\"lazy\" decoding=\"async\" width=\"554\" height=\"753\" src=\"https:\/\/taekwondo-ida.fr\/wp-content\/uploads\/2025\/02\/475456385_1029381278999669_864787171710579315_n-edited.jpg\" alt=\"\" class=\"wp-image-901\" srcset=\"https:\/\/taekwondo-ida.fr\/wp-content\/uploads\/2025\/02\/475456385_1029381278999669_864787171710579315_n-edited.jpg 554w, https:\/\/taekwondo-ida.fr\/wp-content\/uploads\/2025\/02\/475456385_1029381278999669_864787171710579315_n-edited-221x300.jpg 221w\" sizes=\"auto, (max-width: 554px) 100vw, 554px\" \/><\/figure>\n<\/div>\n<\/div>\n<\/div>\n<\/div>\n<\/div>\n<\/div>\n","protected":false},"excerpt":{"rendered":"<p>F\u00e9licitations \u00e0 nos 2 jumelles pour la r\u00e9ussite de la ceinture noire 1er dan apr\u00e8s l&rsquo;examen du dimanche 16 juin 2024 . Sur la photo Wafaa , Hatem , Caoutar . C&rsquo;est une pr\u00e9paration sur plusieurs mois qu&rsquo;on suivie les 2 s\u0153urs , c&rsquo;est donc une part de r\u00e9ussite \u00e9galement pour Hatem . Bravo \u00e0 &hellip; <\/p>\n<p class=\"link-more\"><a href=\"https:\/\/taekwondo-ida.fr\/index.php\/2025\/02\/23\/wafaa-et-caoutar-ceinture-noire\/\" class=\"more-link\">Lire la suite de<span class=\"screen-reader-text\">\u00ab\u00a0Wafaa et Caoutar ceinture noire !\u00a0\u00bb<\/span><\/a><\/p>\n","protected":false},"author":1,"featured_media":0,"comment_status":"open","ping_status":"open","sticky":false,"template":"","format":"standard","meta":{"footnotes":""},"categories":[1],"tags":[],"class_list":["post-898","post","type-post","status-publish","format-standard","hentry","category-non-classe"],"_links":{"self":[{"href":"https:\/\/taekwondo-ida.fr\/index.php\/wp-json\/wp\/v2\/posts\/898","targetHints":{"allow":["GET"]}}],"collection":[{"href":"https:\/\/taekwondo-ida.fr\/index.php\/wp-json\/wp\/v2\/posts"}],"about":[{"href":"https:\/\/taekwondo-ida.fr\/index.php\/wp-json\/wp\/v2\/types\/post"}],"author":[{"embeddable":true,"href":"https:\/\/taekwondo-ida.fr\/index.php\/wp-json\/wp\/v2\/users\/1"}],"replies":[{"embeddable":true,"href":"https:\/\/taekwondo-ida.fr\/index.php\/wp-json\/wp\/v2\/comments?post=898"}],"version-history":[{"count":1,"href":"https:\/\/taekwondo-ida.fr\/index.php\/wp-json\/wp\/v2\/posts\/898\/revisions"}],"predecessor-version":[{"id":902,"href":"https:\/\/taekwondo-ida.fr\/index.php\/wp-json\/wp\/v2\/posts\/898\/revisions\/902"}],"wp:attachment":[{"href":"https:\/\/taekwondo-ida.fr\/index.php\/wp-json\/wp\/v2\/media?parent=898"}],"wp:term":[{"taxonomy":"category","embeddable":true,"href":"https:\/\/taekwondo-ida.fr\/index.php\/wp-json\/wp\/v2\/categories?post=898"},{"taxonomy":"post_tag","embeddable":true,"href":"https:\/\/taekwondo-ida.fr\/index.php\/wp-json\/wp\/v2\/tags?post=898"}],"curies":[{"name":"wp","href":"https:\/\/api.w.org\/{rel}","templated":true}]}}