{"id":663,"date":"2024-04-15T21:48:52","date_gmt":"2024-04-15T19:48:52","guid":{"rendered":"http:\/\/taekwondo-ida.fr\/?p=663"},"modified":"2024-04-15T21:50:34","modified_gmt":"2024-04-15T19:50:34","slug":"championnats-de-france-cadets-junior","status":"publish","type":"post","link":"https:\/\/taekwondo-ida.fr\/index.php\/2024\/04\/15\/championnats-de-france-cadets-junior\/","title":{"rendered":"Championnats de France Cadets &#8211; Junior"},"content":{"rendered":"\n<p><strong><em>2 titres nationaux pour le Taekwondo l&rsquo;Isle d&rsquo;Abeau ! <\/em><\/strong><\/p>\n\n\n<div  id=\"jtg-668\" class=\"modula modula-gallery modula-creative-gallery\" data-config=\"{&quot;height&quot;:800,&quot;tabletHeight&quot;:800,&quot;mobileHeight&quot;:800,&quot;desktopHeight&quot;:800,&quot;enableTwitter&quot;:false,&quot;enableWhatsapp&quot;:false,&quot;enableFacebook&quot;:false,&quot;enablePinterest&quot;:false,&quot;enableLinkedin&quot;:false,&quot;enableEmail&quot;:false,&quot;randomFactor&quot;:0.5,&quot;type&quot;:&quot;creative-gallery&quot;,&quot;columns&quot;:12,&quot;gutter&quot;:10,&quot;mobileGutter&quot;:10,&quot;tabletGutter&quot;:10,&quot;desktopGutter&quot;:10,&quot;enableResponsive&quot;:&quot;0&quot;,&quot;tabletColumns&quot;:&quot;2&quot;,&quot;mobileColumns&quot;:&quot;1&quot;,&quot;lazyLoad&quot;:0,&quot;lightboxOpts&quot;:{&quot;animated&quot;:true,&quot;Thumbs&quot;:{&quot;type&quot;:&quot;modern&quot;,&quot;showOnStart&quot;:false},&quot;Toolbar&quot;:{&quot;display&quot;:{&quot;right&quot;:[&quot;close&quot;]},&quot;enabled&quot;:true},&quot;Carousel&quot;:{&quot;Panzoom&quot;:{&quot;touch&quot;:true},&quot;infinite&quot;:false},&quot;keyboard&quot;:{&quot;Escape&quot;:&quot;close&quot;,&quot;Delete&quot;:&quot;close&quot;,&quot;Backspace&quot;:&quot;close&quot;,&quot;PageUp&quot;:false,&quot;PageDown&quot;:false,&quot;ArrowUp&quot;:false,&quot;ArrowDown&quot;:false,&quot;ArrowRight&quot;:false,&quot;ArrowLeft&quot;:false},&quot;touch&quot;:false,&quot;backdropClick&quot;:false,&quot;l10n&quot;:{&quot;CLOSE&quot;:&quot;Close&quot;,&quot;NEXT&quot;:&quot;Next&quot;,&quot;PREV&quot;:&quot;Previous&quot;,&quot;Error&quot;:&quot;The requested content cannot be loaded. Please try again later.&quot;,&quot;PLAY_START&quot;:&quot;Start slideshow&quot;,&quot;PLAY_STOP&quot;:&quot;Pause slideshow&quot;,&quot;FULL_SCREEN&quot;:&quot;Full screen&quot;,&quot;THUMBS&quot;:&quot;Thumbnails&quot;,&quot;DOWNLOAD&quot;:&quot;Download&quot;,&quot;SHARE&quot;:&quot;Share&quot;,&quot;ZOOM&quot;:&quot;Zoom&quot;,&quot;EMAIL&quot;:&quot;Here is the link to the image : %%image_link%% and this is the link to the gallery : %%gallery_link%%&quot;,&quot;MODAL&quot;:&quot;You can close this modal content with the ESC key&quot;,&quot;ERROR&quot;:&quot;Something Went Wrong, Please Try Again Later&quot;,&quot;IMAGE_ERROR&quot;:&quot;Image Not Found&quot;,&quot;ELEMENT_NOT_FOUND&quot;:&quot;HTML Element Not Found&quot;,&quot;AJAX_NOT_FOUND&quot;:&quot;Error Loading AJAX : Not Found&quot;,&quot;AJAX_FORBIDDEN&quot;:&quot;Error Loading AJAX : Forbidden&quot;,&quot;IFRAME_ERROR&quot;:&quot;Error Loading Page&quot;,&quot;TOGGLE_ZOOM&quot;:&quot;Toggle zoom level&quot;,&quot;TOGGLE_THUMBS&quot;:&quot;Toggle thumbnails&quot;,&quot;TOGGLE_SLIDESHOW&quot;:&quot;Toggle slideshow&quot;,&quot;TOGGLE_FULLSCREEN&quot;:&quot;Toggle full-screen mode&quot;},&quot;Images&quot;:{&quot;Panzoom&quot;:{&quot;maxScale&quot;:2}},&quot;mainClass&quot;:&quot;modula-fancybox-container modula-lightbox-jtg-668&quot;,&quot;Html&quot;:{&quot;videoAutoplay&quot;:0,&quot;videoTpl&quot;:&quot;&lt;video class=\\&quot;fancybox__html5video\\&quot; controls muted playsinline controlsList controlsList=\\&quot;nodownload\\&quot; poster=\\&quot;{{poster}}\\&quot; src=\\&quot;{{src}}\\&quot; type=\\&quot;{{format}}\\&quot; &gt;  Sorry, your browser doesn&#039;t support embedded videos, &lt;a href=\\&quot;{{src}}\\&quot;&gt; download &lt;\\\/a&gt; and watch with your favorite video player! &lt;\\\/video&gt;&quot;}},&quot;inView&quot;:false,&quot;email_subject&quot;:&quot;Check out this awesome image !!&quot;,&quot;email_message&quot;:&quot;Here is the link to the image : %%image_link%% and this is the link to the gallery : %%gallery_link%%&quot;,&quot;lightbox&quot;:&quot;fancybox&quot;}\">\n\n\t\n\t<div  class=\"modula-items\">\n\t\t<div class=\"modula-item effect-pufrobo\" >\n\t<div class=\"modula-item-overlay\"><\/div>\n\n\t<div class=\"modula-item-content\">\n\n\t\t<a data-image-id=\"673\" role=\"button\" tabindex=\"0\" rel=\"jtg-668\" data-caption=\"\" aria-label=\"Open image in lightbox\" class=\"tile-inner modula-item-link\"><\/a><img loading=\"lazy\" decoding=\"async\" class=\"pic wp-image-673\"  data-valign=\"middle\" data-halign=\"center\" alt=\"\" data-full=\"https:\/\/taekwondo-ida.fr\/wp-content\/uploads\/2024\/04\/435894564_843507784253687_6187397381115886559_n.jpg\" title=\"435894564_843507784253687_6187397381115886559_n\" crop=\"\" width=\"212\" height=\"300\" src=\"https:\/\/taekwondo-ida.fr\/wp-content\/uploads\/2024\/04\/435894564_843507784253687_6187397381115886559_n-212x300.jpg\" data-src=\"https:\/\/taekwondo-ida.fr\/wp-content\/uploads\/2024\/04\/435894564_843507784253687_6187397381115886559_n-212x300.jpg\" data-caption=\"\" srcset=\"https:\/\/taekwondo-ida.fr\/wp-content\/uploads\/2024\/04\/435894564_843507784253687_6187397381115886559_n.jpg 1080w, https:\/\/taekwondo-ida.fr\/wp-content\/uploads\/2024\/04\/435894564_843507784253687_6187397381115886559_n-212x300.jpg 212w, https:\/\/taekwondo-ida.fr\/wp-content\/uploads\/2024\/04\/435894564_843507784253687_6187397381115886559_n-724x1024.jpg 724w\" sizes=\"auto, (max-width: 212px) 100vw, 212px\" \/>\n\t\t<div class=\"figc no-description\">\n\t\t\t<div class=\"figc-inner\">\n\t\t\t\t\t\t\t\t\t\t\t\t\t\t\t<\/div>\n\t\t<\/div>\n\n\t<\/div>\n\n<\/div><div class=\"modula-item effect-pufrobo\" >\n\t<div class=\"modula-item-overlay\"><\/div>\n\n\t<div class=\"modula-item-content\">\n\n\t\t<a data-image-id=\"670\" role=\"button\" tabindex=\"0\" rel=\"jtg-668\" data-caption=\"\" aria-label=\"Open image in lightbox\" class=\"tile-inner modula-item-link\"><\/a><img loading=\"lazy\" decoding=\"async\" class=\"pic wp-image-670\"  data-valign=\"middle\" data-halign=\"center\" alt=\"\" data-full=\"https:\/\/taekwondo-ida.fr\/wp-content\/uploads\/2024\/04\/435700091_845229134081552_1250700885918250399_n.jpg\" title=\"435700091_845229134081552_1250700885918250399_n\" crop=\"\" width=\"300\" height=\"200\" src=\"https:\/\/taekwondo-ida.fr\/wp-content\/uploads\/2024\/04\/435700091_845229134081552_1250700885918250399_n-300x200.jpg\" data-src=\"https:\/\/taekwondo-ida.fr\/wp-content\/uploads\/2024\/04\/435700091_845229134081552_1250700885918250399_n-300x200.jpg\" data-caption=\"\" srcset=\"https:\/\/taekwondo-ida.fr\/wp-content\/uploads\/2024\/04\/435700091_845229134081552_1250700885918250399_n.jpg 1065w, https:\/\/taekwondo-ida.fr\/wp-content\/uploads\/2024\/04\/435700091_845229134081552_1250700885918250399_n-300x200.jpg 300w, https:\/\/taekwondo-ida.fr\/wp-content\/uploads\/2024\/04\/435700091_845229134081552_1250700885918250399_n-1024x683.jpg 1024w\" sizes=\"auto, (max-width: 300px) 100vw, 300px\" \/>\n\t\t<div class=\"figc no-description\">\n\t\t\t<div class=\"figc-inner\">\n\t\t\t\t\t\t\t\t\t\t\t\t\t\t\t<\/div>\n\t\t<\/div>\n\n\t<\/div>\n\n<\/div><div class=\"modula-item effect-pufrobo\" >\n\t<div class=\"modula-item-overlay\"><\/div>\n\n\t<div class=\"modula-item-content\">\n\n\t\t<a data-image-id=\"677\" role=\"button\" tabindex=\"0\" rel=\"jtg-668\" data-caption=\"\" aria-label=\"Open image in lightbox\" class=\"tile-inner modula-item-link\"><\/a><img loading=\"lazy\" decoding=\"async\" class=\"pic wp-image-677\"  data-valign=\"middle\" data-halign=\"center\" alt=\"\" data-full=\"https:\/\/taekwondo-ida.fr\/wp-content\/uploads\/2024\/04\/WhatsApp-Image-2024-04-15-a-22.02.16_32a51b37.jpg\" title=\"WhatsApp Image 2024-04-15 \u00e0 22.02.16_32a51b37\" crop=\"\" width=\"300\" height=\"200\" src=\"https:\/\/taekwondo-ida.fr\/wp-content\/uploads\/2024\/04\/WhatsApp-Image-2024-04-15-a-22.02.16_32a51b37-300x200.jpg\" data-src=\"https:\/\/taekwondo-ida.fr\/wp-content\/uploads\/2024\/04\/WhatsApp-Image-2024-04-15-a-22.02.16_32a51b37-300x200.jpg\" data-caption=\"\" srcset=\"https:\/\/taekwondo-ida.fr\/wp-content\/uploads\/2024\/04\/WhatsApp-Image-2024-04-15-a-22.02.16_32a51b37.jpg 2048w, https:\/\/taekwondo-ida.fr\/wp-content\/uploads\/2024\/04\/WhatsApp-Image-2024-04-15-a-22.02.16_32a51b37-300x200.jpg 300w, https:\/\/taekwondo-ida.fr\/wp-content\/uploads\/2024\/04\/WhatsApp-Image-2024-04-15-a-22.02.16_32a51b37-1024x683.jpg 1024w, https:\/\/taekwondo-ida.fr\/wp-content\/uploads\/2024\/04\/WhatsApp-Image-2024-04-15-a-22.02.16_32a51b37-2000x1333.jpg 2000w\" sizes=\"auto, (max-width: 300px) 100vw, 300px\" \/>\n\t\t<div class=\"figc no-description\">\n\t\t\t<div class=\"figc-inner\">\n\t\t\t\t\t\t\t\t\t\t\t\t\t\t\t<\/div>\n\t\t<\/div>\n\n\t<\/div>\n\n<\/div><div class=\"modula-item effect-pufrobo\" >\n\t<div class=\"modula-item-overlay\"><\/div>\n\n\t<div class=\"modula-item-content\">\n\n\t\t<a data-image-id=\"671\" role=\"button\" tabindex=\"0\" rel=\"jtg-668\" data-caption=\"\" aria-label=\"Open image in lightbox\" class=\"tile-inner modula-item-link\"><\/a><img loading=\"lazy\" decoding=\"async\" class=\"pic wp-image-671\"  data-valign=\"middle\" data-halign=\"center\" alt=\"\" data-full=\"https:\/\/taekwondo-ida.fr\/wp-content\/uploads\/2024\/04\/435758894_845231100748022_4358348521577066421_n.jpg\" title=\"435758894_845231100748022_4358348521577066421_n\" crop=\"\" width=\"300\" height=\"200\" src=\"https:\/\/taekwondo-ida.fr\/wp-content\/uploads\/2024\/04\/435758894_845231100748022_4358348521577066421_n-300x200.jpg\" data-src=\"https:\/\/taekwondo-ida.fr\/wp-content\/uploads\/2024\/04\/435758894_845231100748022_4358348521577066421_n-300x200.jpg\" data-caption=\"\" srcset=\"https:\/\/taekwondo-ida.fr\/wp-content\/uploads\/2024\/04\/435758894_845231100748022_4358348521577066421_n.jpg 1065w, https:\/\/taekwondo-ida.fr\/wp-content\/uploads\/2024\/04\/435758894_845231100748022_4358348521577066421_n-300x200.jpg 300w, https:\/\/taekwondo-ida.fr\/wp-content\/uploads\/2024\/04\/435758894_845231100748022_4358348521577066421_n-1024x683.jpg 1024w\" sizes=\"auto, (max-width: 300px) 100vw, 300px\" \/>\n\t\t<div class=\"figc no-description\">\n\t\t\t<div class=\"figc-inner\">\n\t\t\t\t\t\t\t\t\t\t\t\t\t\t\t<\/div>\n\t\t<\/div>\n\n\t<\/div>\n\n<\/div><div class=\"modula-item effect-pufrobo\" >\n\t<div class=\"modula-item-overlay\"><\/div>\n\n\t<div class=\"modula-item-content\">\n\n\t\t<a data-image-id=\"672\" role=\"button\" tabindex=\"0\" rel=\"jtg-668\" data-caption=\"\" aria-label=\"Open image in lightbox\" class=\"tile-inner modula-item-link\"><\/a><img loading=\"lazy\" decoding=\"async\" class=\"pic wp-image-672\"  data-valign=\"middle\" data-halign=\"center\" alt=\"\" data-full=\"https:\/\/taekwondo-ida.fr\/wp-content\/uploads\/2024\/04\/435888807_845230804081385_4626663868688957757_n.jpg\" title=\"435888807_845230804081385_4626663868688957757_n\" crop=\"\" width=\"300\" height=\"202\" src=\"https:\/\/taekwondo-ida.fr\/wp-content\/uploads\/2024\/04\/435888807_845230804081385_4626663868688957757_n-300x202.jpg\" data-src=\"https:\/\/taekwondo-ida.fr\/wp-content\/uploads\/2024\/04\/435888807_845230804081385_4626663868688957757_n-300x202.jpg\" data-caption=\"\" srcset=\"https:\/\/taekwondo-ida.fr\/wp-content\/uploads\/2024\/04\/435888807_845230804081385_4626663868688957757_n.jpg 1379w, https:\/\/taekwondo-ida.fr\/wp-content\/uploads\/2024\/04\/435888807_845230804081385_4626663868688957757_n-300x202.jpg 300w, https:\/\/taekwondo-ida.fr\/wp-content\/uploads\/2024\/04\/435888807_845230804081385_4626663868688957757_n-1024x689.jpg 1024w\" sizes=\"auto, (max-width: 300px) 100vw, 300px\" \/>\n\t\t<div class=\"figc no-description\">\n\t\t\t<div class=\"figc-inner\">\n\t\t\t\t\t\t\t\t\t\t\t\t\t\t\t<\/div>\n\t\t<\/div>\n\n\t<\/div>\n\n<\/div><div class=\"modula-item effect-pufrobo\" >\n\t<div class=\"modula-item-overlay\"><\/div>\n\n\t<div class=\"modula-item-content\">\n\n\t\t<a data-image-id=\"674\" role=\"button\" tabindex=\"0\" rel=\"jtg-668\" data-caption=\"\" aria-label=\"Open image in lightbox\" class=\"tile-inner modula-item-link\"><\/a><img loading=\"lazy\" decoding=\"async\" class=\"pic wp-image-674\"  data-valign=\"middle\" data-halign=\"center\" alt=\"\" data-full=\"https:\/\/taekwondo-ida.fr\/wp-content\/uploads\/2024\/04\/436297022_845230060748126_5750342631382638028_n.jpg\" title=\"436297022_845230060748126_5750342631382638028_n\" crop=\"\" width=\"300\" height=\"268\" src=\"https:\/\/taekwondo-ida.fr\/wp-content\/uploads\/2024\/04\/436297022_845230060748126_5750342631382638028_n-300x268.jpg\" data-src=\"https:\/\/taekwondo-ida.fr\/wp-content\/uploads\/2024\/04\/436297022_845230060748126_5750342631382638028_n-300x268.jpg\" data-caption=\"\" srcset=\"https:\/\/taekwondo-ida.fr\/wp-content\/uploads\/2024\/04\/436297022_845230060748126_5750342631382638028_n.jpg 1301w, https:\/\/taekwondo-ida.fr\/wp-content\/uploads\/2024\/04\/436297022_845230060748126_5750342631382638028_n-300x268.jpg 300w, https:\/\/taekwondo-ida.fr\/wp-content\/uploads\/2024\/04\/436297022_845230060748126_5750342631382638028_n-1024x914.jpg 1024w\" sizes=\"auto, (max-width: 300px) 100vw, 300px\" \/>\n\t\t<div class=\"figc no-description\">\n\t\t\t<div class=\"figc-inner\">\n\t\t\t\t\t\t\t\t\t\t\t\t\t\t\t<\/div>\n\t\t<\/div>\n\n\t<\/div>\n\n<\/div>\t\t\n\t<\/div>\n\n\t\n\t\n\t<script type=\"application\/ld+json\">\n\t{\n\t\t\"@context\": \"http:\/\/schema.org\",\n\t\t\"@type\"   : \"ImageGallery\",\n\t\t\"id\"      : \"https:\/\/taekwondo-ida.fr\/index.php\/2024\/04\/15\/championnats-de-france-cadets-junior\/\",\n\t\t\"url\"     : \"https:\/\/taekwondo-ida.fr\/index.php\/2024\/04\/15\/championnats-de-france-cadets-junior\/\"\n\t}\n\n\t<\/script>\n\n\t\n<\/div>\n\n\n\n<p>Ce week-end du 13 et 14 avril 2024 se sont d\u00e9roul\u00e9s les Championnats de France Cadets &amp; Junior au V\u00e9lodrome de Bordeaux. <\/p>\n\n\n\n<p>Environ 700 athl\u00e8tes venus de toutes la France se sont disput\u00e9s le prestigieux titre de champion de France o\u00f9 seuls les meilleurs de chaque r\u00e9gion avaient leur tickets pour concourir. <\/p>\n\n\n\n<p>Le Taekwondo l&rsquo;Isle d&rsquo;Abeau \u00e0 fait le d\u00e9placement avec ses 5 qualifi\u00e9(e)s et s&rsquo;est d\u00e9marqu\u00e9 car nous sommes le seul club rh\u00f4nalpin \u00e0 d\u00e9crocher une m\u00e9daille d&rsquo;or ! <\/p>\n\n\n\n<p><strong>Parcours des athl\u00e8tes : <\/strong><\/p>\n\n\n\n<ul class=\"wp-block-list\">\n<li>Maissa MESSAI : s&rsquo;incline en 1\/8\u00e8 de finale <\/li>\n\n\n\n<li>Aziz Smatti : s&rsquo;incline en 1\/8\u00e8 de finale <\/li>\n\n\n\n<li>Sarah MESSAI : s&rsquo;incline en 1\/8\u00e8 de finale <\/li>\n<\/ul>\n\n\n\n<p><strong>Les m\u00e9daill\u00e9(e)s : <\/strong><\/p>\n\n\n\n<figure class=\"wp-block-image size-full is-resized\"><img loading=\"lazy\" decoding=\"async\" width=\"940\" height=\"788\" src=\"http:\/\/taekwondo-ida.fr\/wp-content\/uploads\/2024\/04\/1.png\" alt=\"\" class=\"wp-image-665\" style=\"width:417px;height:auto\" srcset=\"https:\/\/taekwondo-ida.fr\/wp-content\/uploads\/2024\/04\/1.png 940w, https:\/\/taekwondo-ida.fr\/wp-content\/uploads\/2024\/04\/1-300x251.png 300w\" sizes=\"auto, (max-width: 940px) 100vw, 940px\" \/><\/figure>\n\n\n\n<p>Apr\u00e8s une interruption de 3 ans, Mohamed-Ali confirme son podium \u00e0 l&rsquo;Open International de Strasbourg et affirme sa place sur la sc\u00e8ne nationale ! <\/p>\n\n\n\n<figure class=\"wp-block-image size-full is-resized\"><img loading=\"lazy\" decoding=\"async\" width=\"940\" height=\"788\" src=\"http:\/\/taekwondo-ida.fr\/wp-content\/uploads\/2024\/04\/2.png\" alt=\"\" class=\"wp-image-666\" style=\"width:417px;height:auto\" srcset=\"https:\/\/taekwondo-ida.fr\/wp-content\/uploads\/2024\/04\/2.png 940w, https:\/\/taekwondo-ida.fr\/wp-content\/uploads\/2024\/04\/2-300x251.png 300w\" sizes=\"auto, (max-width: 940px) 100vw, 940px\" \/><\/figure>\n\n\n\n<p>Emma s&rsquo;impose dans sa cat\u00e9gorie jusqu&rsquo;en finale qu&rsquo;elle remporte avec deux rounds \u00e0 avantage consid\u00e9rable (delta de 12 points) <\/p>\n","protected":false},"excerpt":{"rendered":"<p>2 titres nationaux pour le Taekwondo l&rsquo;Isle d&rsquo;Abeau ! Ce week-end du 13 et 14 avril 2024 se sont d\u00e9roul\u00e9s les Championnats de France Cadets &amp; Junior au V\u00e9lodrome de Bordeaux. Environ 700 athl\u00e8tes venus de toutes la France se sont disput\u00e9s le prestigieux titre de champion de France o\u00f9 seuls les meilleurs de chaque &hellip; <\/p>\n<p class=\"link-more\"><a href=\"https:\/\/taekwondo-ida.fr\/index.php\/2024\/04\/15\/championnats-de-france-cadets-junior\/\" class=\"more-link\">Lire la suite de<span class=\"screen-reader-text\">\u00ab\u00a0Championnats de France Cadets &#8211; Junior\u00a0\u00bb<\/span><\/a><\/p>\n","protected":false},"author":1,"featured_media":0,"comment_status":"open","ping_status":"open","sticky":false,"template":"","format":"standard","meta":{"footnotes":""},"categories":[1],"tags":[],"class_list":["post-663","post","type-post","status-publish","format-standard","hentry","category-non-classe"],"_links":{"self":[{"href":"https:\/\/taekwondo-ida.fr\/index.php\/wp-json\/wp\/v2\/posts\/663","targetHints":{"allow":["GET"]}}],"collection":[{"href":"https:\/\/taekwondo-ida.fr\/index.php\/wp-json\/wp\/v2\/posts"}],"about":[{"href":"https:\/\/taekwondo-ida.fr\/index.php\/wp-json\/wp\/v2\/types\/post"}],"author":[{"embeddable":true,"href":"https:\/\/taekwondo-ida.fr\/index.php\/wp-json\/wp\/v2\/users\/1"}],"replies":[{"embeddable":true,"href":"https:\/\/taekwondo-ida.fr\/index.php\/wp-json\/wp\/v2\/comments?post=663"}],"version-history":[{"count":2,"href":"https:\/\/taekwondo-ida.fr\/index.php\/wp-json\/wp\/v2\/posts\/663\/revisions"}],"predecessor-version":[{"id":675,"href":"https:\/\/taekwondo-ida.fr\/index.php\/wp-json\/wp\/v2\/posts\/663\/revisions\/675"}],"wp:attachment":[{"href":"https:\/\/taekwondo-ida.fr\/index.php\/wp-json\/wp\/v2\/media?parent=663"}],"wp:term":[{"taxonomy":"category","embeddable":true,"href":"https:\/\/taekwondo-ida.fr\/index.php\/wp-json\/wp\/v2\/categories?post=663"},{"taxonomy":"post_tag","embeddable":true,"href":"https:\/\/taekwondo-ida.fr\/index.php\/wp-json\/wp\/v2\/tags?post=663"}],"curies":[{"name":"wp","href":"https:\/\/api.w.org\/{rel}","templated":true}]}}