{"id":655,"date":"2024-03-24T17:41:38","date_gmt":"2024-03-24T16:41:38","guid":{"rendered":"http:\/\/taekwondo-ida.fr\/?p=655"},"modified":"2024-03-24T17:41:38","modified_gmt":"2024-03-24T16:41:38","slug":"open-international-de-strasbourg","status":"publish","type":"post","link":"https:\/\/taekwondo-ida.fr\/index.php\/2024\/03\/24\/open-international-de-strasbourg\/","title":{"rendered":"Open International de Strasbourg"},"content":{"rendered":"\n<figure class=\"wp-block-image size-large is-resized\"><img loading=\"lazy\" decoding=\"async\" width=\"727\" height=\"1024\" src=\"http:\/\/taekwondo-ida.fr\/wp-content\/uploads\/2024\/03\/LGE-OPEN-INTER-STRASBOURG-2024-727x1024.jpg\" alt=\"\" class=\"wp-image-657\" style=\"width:251px;height:auto\" srcset=\"https:\/\/taekwondo-ida.fr\/wp-content\/uploads\/2024\/03\/LGE-OPEN-INTER-STRASBOURG-2024-727x1024.jpg 727w, https:\/\/taekwondo-ida.fr\/wp-content\/uploads\/2024\/03\/LGE-OPEN-INTER-STRASBOURG-2024-213x300.jpg 213w, https:\/\/taekwondo-ida.fr\/wp-content\/uploads\/2024\/03\/LGE-OPEN-INTER-STRASBOURG-2024.jpg 1778w\" sizes=\"auto, (max-width: 727px) 100vw, 727px\" \/><\/figure>\n\n\n\n<p>Ce dimanche 24 mars 2024 s\u2019est tenu l\u2019Open International de Strasbourg !<\/p>\n\n\n\n<p>485 combattants fran\u00e7ais, suisses, b\u00e9ninois, belges, mon\u00e9gasques, allemands et r\u00e9unionnais se sont disput\u00e9s ce prestigieux open !<\/p>\n\n\n\n<ul class=\"wp-block-list\">\n<li>Sofia HAMED <\/li>\n\n\n\n<li>Emma CLAIN<\/li>\n\n\n\n<li>Mohamed-Ali HAMED<\/li>\n\n\n\n<li>Djeilynn DIMI-NIANGA <\/li>\n<\/ul>\n\n\n\n<p>R\u00e9sultats \u00e0 venir !<\/p>\n","protected":false},"excerpt":{"rendered":"<p>Ce dimanche 24 mars 2024 s\u2019est tenu l\u2019Open International de Strasbourg ! 485 combattants fran\u00e7ais, suisses, b\u00e9ninois, belges, mon\u00e9gasques, allemands et r\u00e9unionnais se sont disput\u00e9s ce prestigieux open ! R\u00e9sultats \u00e0 venir !<\/p>\n","protected":false},"author":1,"featured_media":0,"comment_status":"open","ping_status":"open","sticky":false,"template":"","format":"standard","meta":{"footnotes":""},"categories":[1],"tags":[],"class_list":["post-655","post","type-post","status-publish","format-standard","hentry","category-non-classe"],"_links":{"self":[{"href":"https:\/\/taekwondo-ida.fr\/index.php\/wp-json\/wp\/v2\/posts\/655","targetHints":{"allow":["GET"]}}],"collection":[{"href":"https:\/\/taekwondo-ida.fr\/index.php\/wp-json\/wp\/v2\/posts"}],"about":[{"href":"https:\/\/taekwondo-ida.fr\/index.php\/wp-json\/wp\/v2\/types\/post"}],"author":[{"embeddable":true,"href":"https:\/\/taekwondo-ida.fr\/index.php\/wp-json\/wp\/v2\/users\/1"}],"replies":[{"embeddable":true,"href":"https:\/\/taekwondo-ida.fr\/index.php\/wp-json\/wp\/v2\/comments?post=655"}],"version-history":[{"count":2,"href":"https:\/\/taekwondo-ida.fr\/index.php\/wp-json\/wp\/v2\/posts\/655\/revisions"}],"predecessor-version":[{"id":662,"href":"https:\/\/taekwondo-ida.fr\/index.php\/wp-json\/wp\/v2\/posts\/655\/revisions\/662"}],"wp:attachment":[{"href":"https:\/\/taekwondo-ida.fr\/index.php\/wp-json\/wp\/v2\/media?parent=655"}],"wp:term":[{"taxonomy":"category","embeddable":true,"href":"https:\/\/taekwondo-ida.fr\/index.php\/wp-json\/wp\/v2\/categories?post=655"},{"taxonomy":"post_tag","embeddable":true,"href":"https:\/\/taekwondo-ida.fr\/index.php\/wp-json\/wp\/v2\/tags?post=655"}],"curies":[{"name":"wp","href":"https:\/\/api.w.org\/{rel}","templated":true}]}}