{"id":644,"date":"2024-03-21T22:21:22","date_gmt":"2024-03-21T21:21:22","guid":{"rendered":"https:\/\/taekwondo-ida.fr\/?p=644"},"modified":"2024-03-21T22:21:23","modified_gmt":"2024-03-21T21:21:23","slug":"coupe-aura-minimes","status":"publish","type":"post","link":"https:\/\/taekwondo-ida.fr\/index.php\/2024\/03\/21\/coupe-aura-minimes\/","title":{"rendered":"Coupe AURA Minimes"},"content":{"rendered":"\n<figure class=\"wp-block-image size-full is-resized\"><img loading=\"lazy\" decoding=\"async\" width=\"736\" height=\"414\" src=\"https:\/\/taekwondo-ida.fr\/wp-content\/uploads\/2024\/03\/431161178_821947039743095_6506552860777490031_n.jpg\" alt=\"\" class=\"wp-image-646\" style=\"width:589px;height:auto\" srcset=\"https:\/\/taekwondo-ida.fr\/wp-content\/uploads\/2024\/03\/431161178_821947039743095_6506552860777490031_n.jpg 736w, https:\/\/taekwondo-ida.fr\/wp-content\/uploads\/2024\/03\/431161178_821947039743095_6506552860777490031_n-300x169.jpg 300w\" sizes=\"auto, (max-width: 736px) 100vw, 736px\" \/><\/figure>\n\n\n\n<p>La coupe Auvergne Rh\u00f4ne-Alpes minimes (qualificative pour la Coupe de France) s&rsquo;est d\u00e9roul\u00e9e le dimanche 03 mars 2024 \u00e0 Bourg-en-Bresse<\/p>\n\n\n\n<p>R\u00e9sultats : <\/p>\n\n\n\n<p>R\u00e9sultats et parcours des athl\u00e8tes :<\/p>\n\n\n\n<ul class=\"wp-block-list\">\n<li><strong>Hamed Sofia minimes &#8211; 33 kg<\/strong> &#8211; Championne de R\u00e9gion \ud83e\udd47<\/li>\n<\/ul>\n\n\n\n<p><img loading=\"lazy\" decoding=\"async\" height=\"16\" width=\"16\" alt=\"\u2705\" src=\"https:\/\/static.xx.fbcdn.net\/images\/emoji.php\/v9\/tba\/1.5\/16\/2705.png\"> Gagne 2-0 1er combat<\/p>\n\n\n\n<p><img loading=\"lazy\" decoding=\"async\" height=\"16\" width=\"16\" alt=\"\u2705\" src=\"https:\/\/static.xx.fbcdn.net\/images\/emoji.php\/v9\/tba\/1.5\/16\/2705.png\"> Gagne 2-1 2\u00e8me combat<\/p>\n\n\n\n<p><img loading=\"lazy\" decoding=\"async\" height=\"16\" width=\"16\" alt=\"\u2705\ufe0f\" src=\"https:\/\/static.xx.fbcdn.net\/images\/emoji.php\/v9\/tba\/1.5\/16\/2705.png\"> Gagne 2-0 3\u00e8me combat<\/p>\n\n\n\n<p><img loading=\"lazy\" decoding=\"async\" height=\"16\" width=\"16\" alt=\"\u2705\ufe0f\" src=\"https:\/\/static.xx.fbcdn.net\/images\/emoji.php\/v9\/tba\/1.5\/16\/2705.png\"> Gagne 2-0 finale<\/p>\n\n\n\n<p> <\/p>\n\n\n\n<ul class=\"wp-block-list\">\n<li><strong>Zeyneb Bouzeida minimes &#8211; 29 kg<\/strong><\/li>\n<\/ul>\n\n\n\n<p><img loading=\"lazy\" decoding=\"async\" height=\"16\" width=\"16\" alt=\"\u2705\" src=\"https:\/\/static.xx.fbcdn.net\/images\/emoji.php\/v9\/tba\/1.5\/16\/2705.png\"> Gagne 2-0 1er combat<\/p>\n\n\n\n<p><img loading=\"lazy\" decoding=\"async\" height=\"16\" width=\"16\" alt=\"\u274c\ufe0f\" src=\"https:\/\/static.xx.fbcdn.net\/images\/emoji.php\/v9\/t64\/1.5\/16\/274c.png\"> s&rsquo;incline 0-2 2\u00e8me combat<\/p>\n\n\n\n<ul class=\"wp-block-list\">\n<li><strong>Ahmed Kouskousa minimes &#8211; 37 kg<\/strong><\/li>\n<\/ul>\n\n\n\n<p><img loading=\"lazy\" decoding=\"async\" height=\"16\" width=\"16\" alt=\"\u2705\" src=\"https:\/\/static.xx.fbcdn.net\/images\/emoji.php\/v9\/tba\/1.5\/16\/2705.png\"> Gagne 2-0 1er combat<\/p>\n\n\n\n<p><img loading=\"lazy\" decoding=\"async\" height=\"16\" width=\"16\" alt=\"\u274c\ufe0f\" src=\"https:\/\/static.xx.fbcdn.net\/images\/emoji.php\/v9\/t64\/1.5\/16\/274c.png\"> s&rsquo;incline 0-2 2\u00e8me combat<\/p>\n\n\n\n<ul class=\"wp-block-list\">\n<li><strong>Lyne Ben-ismail minimes- 29kg<\/strong> &#8211; m\u00e9daille de bronze\ud83e\udd49  <\/li>\n<\/ul>\n\n\n\n<p><img loading=\"lazy\" decoding=\"async\" height=\"16\" width=\"16\" alt=\"\u2705\" src=\"https:\/\/static.xx.fbcdn.net\/images\/emoji.php\/v9\/tba\/1.5\/16\/2705.png\"> Gagne 2-0 1er combat<\/p>\n\n\n\n<p><img loading=\"lazy\" decoding=\"async\" height=\"16\" width=\"16\" alt=\"\u2705\" src=\"https:\/\/static.xx.fbcdn.net\/images\/emoji.php\/v9\/tba\/1.5\/16\/2705.png\"> Gagne 2-0 2eme combat<\/p>\n\n\n\n<p><img loading=\"lazy\" decoding=\"async\" height=\"16\" width=\"16\" src=\"https:\/\/static.xx.fbcdn.net\/images\/emoji.php\/v9\/t64\/1.5\/16\/274c.png\" alt=\"\u274c\ufe0f\"> s&rsquo;incline 0-2 en demie finale<\/p>\n","protected":false},"excerpt":{"rendered":"<p>La coupe Auvergne Rh\u00f4ne-Alpes minimes (qualificative pour la Coupe de France) s&rsquo;est d\u00e9roul\u00e9e le dimanche 03 mars 2024 \u00e0 Bourg-en-Bresse R\u00e9sultats : R\u00e9sultats et parcours des athl\u00e8tes : Gagne 2-0 1er combat Gagne 2-1 2\u00e8me combat Gagne 2-0 3\u00e8me combat Gagne 2-0 finale Gagne 2-0 1er combat s&rsquo;incline 0-2 2\u00e8me combat Gagne 2-0 1er combat &hellip; <\/p>\n<p class=\"link-more\"><a href=\"https:\/\/taekwondo-ida.fr\/index.php\/2024\/03\/21\/coupe-aura-minimes\/\" class=\"more-link\">Lire la suite de<span class=\"screen-reader-text\">\u00ab\u00a0Coupe AURA Minimes\u00a0\u00bb<\/span><\/a><\/p>\n","protected":false},"author":1,"featured_media":0,"comment_status":"open","ping_status":"open","sticky":false,"template":"","format":"standard","meta":{"footnotes":""},"categories":[1],"tags":[],"class_list":["post-644","post","type-post","status-publish","format-standard","hentry","category-non-classe"],"_links":{"self":[{"href":"https:\/\/taekwondo-ida.fr\/index.php\/wp-json\/wp\/v2\/posts\/644","targetHints":{"allow":["GET"]}}],"collection":[{"href":"https:\/\/taekwondo-ida.fr\/index.php\/wp-json\/wp\/v2\/posts"}],"about":[{"href":"https:\/\/taekwondo-ida.fr\/index.php\/wp-json\/wp\/v2\/types\/post"}],"author":[{"embeddable":true,"href":"https:\/\/taekwondo-ida.fr\/index.php\/wp-json\/wp\/v2\/users\/1"}],"replies":[{"embeddable":true,"href":"https:\/\/taekwondo-ida.fr\/index.php\/wp-json\/wp\/v2\/comments?post=644"}],"version-history":[{"count":1,"href":"https:\/\/taekwondo-ida.fr\/index.php\/wp-json\/wp\/v2\/posts\/644\/revisions"}],"predecessor-version":[{"id":647,"href":"https:\/\/taekwondo-ida.fr\/index.php\/wp-json\/wp\/v2\/posts\/644\/revisions\/647"}],"wp:attachment":[{"href":"https:\/\/taekwondo-ida.fr\/index.php\/wp-json\/wp\/v2\/media?parent=644"}],"wp:term":[{"taxonomy":"category","embeddable":true,"href":"https:\/\/taekwondo-ida.fr\/index.php\/wp-json\/wp\/v2\/categories?post=644"},{"taxonomy":"post_tag","embeddable":true,"href":"https:\/\/taekwondo-ida.fr\/index.php\/wp-json\/wp\/v2\/tags?post=644"}],"curies":[{"name":"wp","href":"https:\/\/api.w.org\/{rel}","templated":true}]}}