{"id":640,"date":"2024-03-21T22:15:59","date_gmt":"2024-03-21T21:15:59","guid":{"rendered":"https:\/\/taekwondo-ida.fr\/?p=640"},"modified":"2024-03-21T22:16:00","modified_gmt":"2024-03-21T21:16:00","slug":"championnat-de-region-cadets","status":"publish","type":"post","link":"https:\/\/taekwondo-ida.fr\/index.php\/2024\/03\/21\/championnat-de-region-cadets\/","title":{"rendered":"Championnat de R\u00e9gion Cadets"},"content":{"rendered":"\n<figure class=\"wp-block-image size-large is-resized\"><img loading=\"lazy\" decoding=\"async\" width=\"1024\" height=\"752\" src=\"https:\/\/taekwondo-ida.fr\/wp-content\/uploads\/2024\/03\/429654184_818174603453672_636963070832414161_n-1024x752.jpg\" alt=\"\" class=\"wp-image-642\" style=\"width:441px;height:auto\" srcset=\"https:\/\/taekwondo-ida.fr\/wp-content\/uploads\/2024\/03\/429654184_818174603453672_636963070832414161_n-1024x752.jpg 1024w, https:\/\/taekwondo-ida.fr\/wp-content\/uploads\/2024\/03\/429654184_818174603453672_636963070832414161_n-300x220.jpg 300w, https:\/\/taekwondo-ida.fr\/wp-content\/uploads\/2024\/03\/429654184_818174603453672_636963070832414161_n.jpg 1536w\" sizes=\"auto, (max-width: 1024px) 100vw, 1024px\" \/><\/figure>\n\n\n\n<p>Le Championnat de R\u00e9gion cadet s&rsquo;est d\u00e9roul\u00e9 ce samedi 24 f\u00e9vrier \u00e0 Fareins.<\/p>\n\n\n\n<p>R\u00e9sultats : <\/p>\n\n\n\n<ul class=\"wp-block-list\">\n<li>Sarah Messai s&rsquo;incline en quart de finale<\/li>\n<\/ul>\n\n\n\n<ul class=\"wp-block-list\">\n<li>Lilllou Messas-ho, pour sa 1ere comp\u00e9tition, s&rsquo;incline \u00e9galement en quart de finale<\/li>\n<\/ul>\n\n\n\n<ul class=\"wp-block-list\">\n<li>Imed El Youssoufi s&rsquo;incline en quart de finale<\/li>\n<\/ul>\n\n\n\n<p>Bravo \u00e0 toutes et \u00e0 tous pour votre participation ! <\/p>\n\n\n\n<p>Place au travail pour les prochaines \u00e9ch\u00e9ances !<\/p>\n","protected":false},"excerpt":{"rendered":"<p>Le Championnat de R\u00e9gion cadet s&rsquo;est d\u00e9roul\u00e9 ce samedi 24 f\u00e9vrier \u00e0 Fareins. R\u00e9sultats : Bravo \u00e0 toutes et \u00e0 tous pour votre participation ! Place au travail pour les prochaines \u00e9ch\u00e9ances !<\/p>\n","protected":false},"author":1,"featured_media":0,"comment_status":"open","ping_status":"open","sticky":false,"template":"","format":"standard","meta":{"footnotes":""},"categories":[1],"tags":[],"class_list":["post-640","post","type-post","status-publish","format-standard","hentry","category-non-classe"],"_links":{"self":[{"href":"https:\/\/taekwondo-ida.fr\/index.php\/wp-json\/wp\/v2\/posts\/640","targetHints":{"allow":["GET"]}}],"collection":[{"href":"https:\/\/taekwondo-ida.fr\/index.php\/wp-json\/wp\/v2\/posts"}],"about":[{"href":"https:\/\/taekwondo-ida.fr\/index.php\/wp-json\/wp\/v2\/types\/post"}],"author":[{"embeddable":true,"href":"https:\/\/taekwondo-ida.fr\/index.php\/wp-json\/wp\/v2\/users\/1"}],"replies":[{"embeddable":true,"href":"https:\/\/taekwondo-ida.fr\/index.php\/wp-json\/wp\/v2\/comments?post=640"}],"version-history":[{"count":1,"href":"https:\/\/taekwondo-ida.fr\/index.php\/wp-json\/wp\/v2\/posts\/640\/revisions"}],"predecessor-version":[{"id":643,"href":"https:\/\/taekwondo-ida.fr\/index.php\/wp-json\/wp\/v2\/posts\/640\/revisions\/643"}],"wp:attachment":[{"href":"https:\/\/taekwondo-ida.fr\/index.php\/wp-json\/wp\/v2\/media?parent=640"}],"wp:term":[{"taxonomy":"category","embeddable":true,"href":"https:\/\/taekwondo-ida.fr\/index.php\/wp-json\/wp\/v2\/categories?post=640"},{"taxonomy":"post_tag","embeddable":true,"href":"https:\/\/taekwondo-ida.fr\/index.php\/wp-json\/wp\/v2\/tags?post=640"}],"curies":[{"name":"wp","href":"https:\/\/api.w.org\/{rel}","templated":true}]}}