{"id":636,"date":"2024-03-21T22:11:55","date_gmt":"2024-03-21T21:11:55","guid":{"rendered":"https:\/\/taekwondo-ida.fr\/?p=636"},"modified":"2024-03-21T22:11:56","modified_gmt":"2024-03-21T21:11:56","slug":"championnat-de-france-seniors","status":"publish","type":"post","link":"https:\/\/taekwondo-ida.fr\/index.php\/2024\/03\/21\/championnat-de-france-seniors\/","title":{"rendered":"Championnat de France Seniors"},"content":{"rendered":"\n<figure class=\"wp-block-image size-full is-resized\"><img loading=\"lazy\" decoding=\"async\" width=\"768\" height=\"576\" src=\"https:\/\/taekwondo-ida.fr\/wp-content\/uploads\/2024\/03\/424786506_814356297168836_6112163692041486173_n.jpg\" alt=\"\" class=\"wp-image-638\" style=\"width:544px;height:auto\" srcset=\"https:\/\/taekwondo-ida.fr\/wp-content\/uploads\/2024\/03\/424786506_814356297168836_6112163692041486173_n.jpg 768w, https:\/\/taekwondo-ida.fr\/wp-content\/uploads\/2024\/03\/424786506_814356297168836_6112163692041486173_n-300x225.jpg 300w\" sizes=\"auto, (max-width: 768px) 100vw, 768px\" \/><\/figure>\n\n\n\n<p>Le Championnat de France Seniors s&rsquo;est d\u00e9roul\u00e9 le samedi 17 f\u00e9vrier \u00e0 Montpellier. <\/p>\n\n\n\n<p>R\u00e9sultats : <\/p>\n\n\n\n<p><img loading=\"lazy\" decoding=\"async\" height=\"16\" width=\"16\" alt=\"\u274c\ufe0f\" src=\"https:\/\/static.xx.fbcdn.net\/images\/emoji.php\/v9\/t64\/1.5\/16\/274c.png\"> Djeylin Dimi-Nianga s&rsquo;incline en 8 eme contre la Championne de sa cat\u00e9gorie qu&rsquo;elle rencontre au 1er combat la m\u00eame qui l&rsquo;a \u00e9limin\u00e9 au championnat de France Espoir il y a un mois , d\u00e9faite avec un \u00e9cart moins important et une meilleure performance.<\/p>\n\n\n\n<p>Il faut pers\u00e9v\u00e9rer les progr\u00e8s sont visibles !<\/p>\n\n\n\n<p><img loading=\"lazy\" decoding=\"async\" height=\"16\" width=\"16\" alt=\"\u2705\ufe0f\" src=\"https:\/\/static.xx.fbcdn.net\/images\/emoji.php\/v9\/tba\/1.5\/16\/2705.png\">\ufe0f <a><\/a>Anthony Carr\u00e9 apr\u00e8s 1 combat gagn\u00e9 2 round \u00e0 0 contre un adversaire coriace ,<\/p>\n\n\n\n<p>s&rsquo;incline au second combat contre Dylan Chelamotoo dont le palmar\u00e8s n&rsquo;est plus \u00e0 d\u00e9crire plusieurs fois champion de France et parmi les meilleurs internationaux de sa cat\u00e9gorie.<\/p>\n\n\n\n<p>2 round \u00e0 1 et perd de 2 points au 3eme round , avec plusieurs points fant\u00f4me en faveur du vainqueur<\/p>\n\n\n\n<p>(probl\u00e8me de l&rsquo;\u00e9lectronique).<\/p>\n\n\n\n<p>Dylan finira champion de France, Anthony a donc jou\u00e9 sa final avant l&rsquo;heure malheureusement , mais c&rsquo;est le jeu .<\/p>\n\n\n\n<p>Bravo \u00e0 lui pour cette performance !<\/p>\n\n\n\n<p><img loading=\"lazy\" decoding=\"async\" height=\"16\" width=\"16\" alt=\"\u2705\ufe0f\" src=\"https:\/\/static.xx.fbcdn.net\/images\/emoji.php\/v9\/tba\/1.5\/16\/2705.png\"> Sofia Nemoz apr\u00e8s 1 combat gagn\u00e9 2 round 0 elle s incline 2 round \u00e0 0 au second tour contre la Championne de sa cat\u00e9gorie.<\/p>\n\n\n\n<p>Bravo \u00e0 elle le travail doit se poursuivre<\/p>\n\n\n\n<p>F\u00e9licitations pour ces r\u00e9sultats le progr\u00e8s est l\u00e0 , et le plaisir aussi fier de la Team ida .<\/p>\n\n\n\n<p>Mention sp\u00e9ciale aux cadets et juniors qui ont fait le d\u00e9placement jusqu&rsquo;\u00e0 Montpellier, avec leur parents pour venir encourager les seniors , un esprit de famille qui fait plaisir et qui motive les troupes !<\/p>\n\n\n\n<p>On continue sur la lanc\u00e9e, prochaine \u00e9ch\u00e9ance championnat de R\u00e9gion Auvergne Rh\u00f4ne-Alpes cadets \u00e0 Fareins le 24 f\u00e9vrier .<\/p>\n\n\n\n<p>Suivi de la coupe de r\u00e9gions Minimes le 3 mars \u00e0 bourg en Bresse<\/p>\n\n\n\n<p>Et l&rsquo;open international de Strasbourg fin mars et d&rsquo;autres \u00e0 venir<\/p>\n","protected":false},"excerpt":{"rendered":"<p>Le Championnat de France Seniors s&rsquo;est d\u00e9roul\u00e9 le samedi 17 f\u00e9vrier \u00e0 Montpellier. R\u00e9sultats : Djeylin Dimi-Nianga s&rsquo;incline en 8 eme contre la Championne de sa cat\u00e9gorie qu&rsquo;elle rencontre au 1er combat la m\u00eame qui l&rsquo;a \u00e9limin\u00e9 au championnat de France Espoir il y a un mois , d\u00e9faite avec un \u00e9cart moins important et &hellip; <\/p>\n<p class=\"link-more\"><a href=\"https:\/\/taekwondo-ida.fr\/index.php\/2024\/03\/21\/championnat-de-france-seniors\/\" class=\"more-link\">Lire la suite de<span class=\"screen-reader-text\">\u00ab\u00a0Championnat de France Seniors\u00a0\u00bb<\/span><\/a><\/p>\n","protected":false},"author":1,"featured_media":0,"comment_status":"open","ping_status":"open","sticky":false,"template":"","format":"standard","meta":{"footnotes":""},"categories":[1],"tags":[],"class_list":["post-636","post","type-post","status-publish","format-standard","hentry","category-non-classe"],"_links":{"self":[{"href":"https:\/\/taekwondo-ida.fr\/index.php\/wp-json\/wp\/v2\/posts\/636","targetHints":{"allow":["GET"]}}],"collection":[{"href":"https:\/\/taekwondo-ida.fr\/index.php\/wp-json\/wp\/v2\/posts"}],"about":[{"href":"https:\/\/taekwondo-ida.fr\/index.php\/wp-json\/wp\/v2\/types\/post"}],"author":[{"embeddable":true,"href":"https:\/\/taekwondo-ida.fr\/index.php\/wp-json\/wp\/v2\/users\/1"}],"replies":[{"embeddable":true,"href":"https:\/\/taekwondo-ida.fr\/index.php\/wp-json\/wp\/v2\/comments?post=636"}],"version-history":[{"count":1,"href":"https:\/\/taekwondo-ida.fr\/index.php\/wp-json\/wp\/v2\/posts\/636\/revisions"}],"predecessor-version":[{"id":639,"href":"https:\/\/taekwondo-ida.fr\/index.php\/wp-json\/wp\/v2\/posts\/636\/revisions\/639"}],"wp:attachment":[{"href":"https:\/\/taekwondo-ida.fr\/index.php\/wp-json\/wp\/v2\/media?parent=636"}],"wp:term":[{"taxonomy":"category","embeddable":true,"href":"https:\/\/taekwondo-ida.fr\/index.php\/wp-json\/wp\/v2\/categories?post=636"},{"taxonomy":"post_tag","embeddable":true,"href":"https:\/\/taekwondo-ida.fr\/index.php\/wp-json\/wp\/v2\/tags?post=636"}],"curies":[{"name":"wp","href":"https:\/\/api.w.org\/{rel}","templated":true}]}}