{"id":616,"date":"2024-03-21T22:00:38","date_gmt":"2024-03-21T21:00:38","guid":{"rendered":"https:\/\/taekwondo-ida.fr\/?p=616"},"modified":"2024-03-21T22:00:39","modified_gmt":"2024-03-21T21:00:39","slug":"championnats-de-france-u21","status":"publish","type":"post","link":"https:\/\/taekwondo-ida.fr\/index.php\/2024\/03\/21\/championnats-de-france-u21\/","title":{"rendered":"Championnats de France U21"},"content":{"rendered":"\n<figure class=\"wp-block-image size-full is-resized\"><img loading=\"lazy\" decoding=\"async\" width=\"900\" height=\"900\" src=\"https:\/\/taekwondo-ida.fr\/wp-content\/uploads\/2024\/03\/423160198_802329665038166_6243708037442961478_n.jpg\" alt=\"\" class=\"wp-image-619\" style=\"width:298px;height:auto\" srcset=\"https:\/\/taekwondo-ida.fr\/wp-content\/uploads\/2024\/03\/423160198_802329665038166_6243708037442961478_n.jpg 900w, https:\/\/taekwondo-ida.fr\/wp-content\/uploads\/2024\/03\/423160198_802329665038166_6243708037442961478_n-300x300.jpg 300w, https:\/\/taekwondo-ida.fr\/wp-content\/uploads\/2024\/03\/423160198_802329665038166_6243708037442961478_n-150x150.jpg 150w\" sizes=\"auto, (max-width: 900px) 100vw, 900px\" \/><\/figure>\n\n\n\n<p>Ce samedi 27 janvier 2024 s&rsquo;est tenu le Championnat de France U21 au Palais des Sports de Gerland, \u00e0 Lyon.<\/p>\n\n\n\n<p>4 combattant(e)s du Taekwondo IDA \u00e9taient engag\u00e9(e)s pour cette \u00e9ch\u00e9ance nationale.<\/p>\n\n\n\n<p><strong>R\u00e9sultats : <\/strong><\/p>\n\n\n\n<p>&#8211; Esteban et Mayssa s&rsquo;inclinent au 1er combat<\/p>\n\n\n\n<p>&#8211; Djeylinn s&rsquo;incline au 1er combat contre la Championne de France en titre .<\/p>\n\n\n\n<p>&#8211; Smatti Aziz : m\u00e9daille de bronze <img loading=\"lazy\" decoding=\"async\" height=\"16\" width=\"16\" src=\"https:\/\/static.xx.fbcdn.net\/images\/emoji.php\/v9\/tef\/1.5\/16\/1f949.png\" alt=\"\ud83e\udd49\"> <\/p>\n\n\n\n<p><\/p>\n\n\n\n<p>Prochaine \u00e9ch\u00e9ance championnat de France seniors \u00e0 Montpellier pour Djeylinn et Anthony.<\/p>\n","protected":false},"excerpt":{"rendered":"<p>Ce samedi 27 janvier 2024 s&rsquo;est tenu le Championnat de France U21 au Palais des Sports de Gerland, \u00e0 Lyon. 4 combattant(e)s du Taekwondo IDA \u00e9taient engag\u00e9(e)s pour cette \u00e9ch\u00e9ance nationale. R\u00e9sultats : &#8211; Esteban et Mayssa s&rsquo;inclinent au 1er combat &#8211; Djeylinn s&rsquo;incline au 1er combat contre la Championne de France en titre . &hellip; <\/p>\n<p class=\"link-more\"><a href=\"https:\/\/taekwondo-ida.fr\/index.php\/2024\/03\/21\/championnats-de-france-u21\/\" class=\"more-link\">Lire la suite de<span class=\"screen-reader-text\">\u00ab\u00a0Championnats de France U21\u00a0\u00bb<\/span><\/a><\/p>\n","protected":false},"author":1,"featured_media":0,"comment_status":"open","ping_status":"open","sticky":false,"template":"","format":"standard","meta":{"footnotes":""},"categories":[1],"tags":[],"class_list":["post-616","post","type-post","status-publish","format-standard","hentry","category-non-classe"],"_links":{"self":[{"href":"https:\/\/taekwondo-ida.fr\/index.php\/wp-json\/wp\/v2\/posts\/616","targetHints":{"allow":["GET"]}}],"collection":[{"href":"https:\/\/taekwondo-ida.fr\/index.php\/wp-json\/wp\/v2\/posts"}],"about":[{"href":"https:\/\/taekwondo-ida.fr\/index.php\/wp-json\/wp\/v2\/types\/post"}],"author":[{"embeddable":true,"href":"https:\/\/taekwondo-ida.fr\/index.php\/wp-json\/wp\/v2\/users\/1"}],"replies":[{"embeddable":true,"href":"https:\/\/taekwondo-ida.fr\/index.php\/wp-json\/wp\/v2\/comments?post=616"}],"version-history":[{"count":1,"href":"https:\/\/taekwondo-ida.fr\/index.php\/wp-json\/wp\/v2\/posts\/616\/revisions"}],"predecessor-version":[{"id":620,"href":"https:\/\/taekwondo-ida.fr\/index.php\/wp-json\/wp\/v2\/posts\/616\/revisions\/620"}],"wp:attachment":[{"href":"https:\/\/taekwondo-ida.fr\/index.php\/wp-json\/wp\/v2\/media?parent=616"}],"wp:term":[{"taxonomy":"category","embeddable":true,"href":"https:\/\/taekwondo-ida.fr\/index.php\/wp-json\/wp\/v2\/categories?post=616"},{"taxonomy":"post_tag","embeddable":true,"href":"https:\/\/taekwondo-ida.fr\/index.php\/wp-json\/wp\/v2\/tags?post=616"}],"curies":[{"name":"wp","href":"https:\/\/api.w.org\/{rel}","templated":true}]}}