{"id":538,"date":"2023-10-08T19:04:31","date_gmt":"2023-10-08T17:04:31","guid":{"rendered":"http:\/\/taekwondo-ida.fr\/?p=538"},"modified":"2023-10-08T19:04:31","modified_gmt":"2023-10-08T17:04:31","slug":"salon-du-handicap","status":"publish","type":"post","link":"https:\/\/taekwondo-ida.fr\/index.php\/2023\/10\/08\/salon-du-handicap\/","title":{"rendered":"Salon du handicap"},"content":{"rendered":"\n<p>Le Salon du Handicap s&rsquo;est tenu ce samedi 7 octobre 2023 dans le cadre des actions men\u00e9es par la Mairie de l&rsquo;Isle d&rsquo;Abeau.<\/p>\n\n\n\n<p>Le Taekwondo l&rsquo;Isle d&rsquo;Abeau s&rsquo;est port\u00e9 volontaire aupr\u00e8s de la ville et avec de nombreuses associations pour proposer une initiation de Taekwondo \u00e0 des personnes en situation de handicap.<\/p>\n\n\n\n<p>Notre association accueille et favorise l&rsquo;inclusion des personnes en situation de handicap toute l&rsquo;ann\u00e9e.<\/p>\n\n\n\n<p>N&rsquo;h\u00e9sitez pas \u00e0 vous renseigner ! <\/p>\n\n\n<div  id=\"jtg-522\" class=\"modula modula-gallery modula-creative-gallery\" data-config=\"{&quot;height&quot;:800,&quot;tabletHeight&quot;:800,&quot;mobileHeight&quot;:800,&quot;desktopHeight&quot;:800,&quot;enableTwitter&quot;:false,&quot;enableWhatsapp&quot;:false,&quot;enableFacebook&quot;:false,&quot;enablePinterest&quot;:false,&quot;enableLinkedin&quot;:false,&quot;enableEmail&quot;:false,&quot;randomFactor&quot;:0.5,&quot;type&quot;:&quot;creative-gallery&quot;,&quot;columns&quot;:12,&quot;gutter&quot;:10,&quot;mobileGutter&quot;:10,&quot;tabletGutter&quot;:10,&quot;desktopGutter&quot;:10,&quot;enableResponsive&quot;:&quot;0&quot;,&quot;tabletColumns&quot;:&quot;2&quot;,&quot;mobileColumns&quot;:&quot;1&quot;,&quot;lazyLoad&quot;:0,&quot;lightboxOpts&quot;:{&quot;animated&quot;:true,&quot;Thumbs&quot;:{&quot;type&quot;:&quot;modern&quot;,&quot;showOnStart&quot;:false},&quot;Toolbar&quot;:{&quot;display&quot;:{&quot;right&quot;:[&quot;close&quot;]},&quot;enabled&quot;:true},&quot;Carousel&quot;:{&quot;Panzoom&quot;:{&quot;touch&quot;:true},&quot;infinite&quot;:false},&quot;keyboard&quot;:{&quot;Escape&quot;:&quot;close&quot;,&quot;Delete&quot;:&quot;close&quot;,&quot;Backspace&quot;:&quot;close&quot;,&quot;PageUp&quot;:false,&quot;PageDown&quot;:false,&quot;ArrowUp&quot;:false,&quot;ArrowDown&quot;:false,&quot;ArrowRight&quot;:false,&quot;ArrowLeft&quot;:false},&quot;touch&quot;:false,&quot;backdropClick&quot;:false,&quot;l10n&quot;:{&quot;CLOSE&quot;:&quot;Close&quot;,&quot;NEXT&quot;:&quot;Next&quot;,&quot;PREV&quot;:&quot;Previous&quot;,&quot;Error&quot;:&quot;The requested content cannot be loaded. Please try again later.&quot;,&quot;PLAY_START&quot;:&quot;Start slideshow&quot;,&quot;PLAY_STOP&quot;:&quot;Pause slideshow&quot;,&quot;FULL_SCREEN&quot;:&quot;Full screen&quot;,&quot;THUMBS&quot;:&quot;Thumbnails&quot;,&quot;DOWNLOAD&quot;:&quot;Download&quot;,&quot;SHARE&quot;:&quot;Share&quot;,&quot;ZOOM&quot;:&quot;Zoom&quot;,&quot;EMAIL&quot;:&quot;Here is the link to the image : %%image_link%% and this is the link to the gallery : %%gallery_link%%&quot;,&quot;MODAL&quot;:&quot;You can close this modal content with the ESC key&quot;,&quot;ERROR&quot;:&quot;Something Went Wrong, Please Try Again Later&quot;,&quot;IMAGE_ERROR&quot;:&quot;Image Not Found&quot;,&quot;ELEMENT_NOT_FOUND&quot;:&quot;HTML Element Not Found&quot;,&quot;AJAX_NOT_FOUND&quot;:&quot;Error Loading AJAX : Not Found&quot;,&quot;AJAX_FORBIDDEN&quot;:&quot;Error Loading AJAX : Forbidden&quot;,&quot;IFRAME_ERROR&quot;:&quot;Error Loading Page&quot;,&quot;TOGGLE_ZOOM&quot;:&quot;Toggle zoom level&quot;,&quot;TOGGLE_THUMBS&quot;:&quot;Toggle thumbnails&quot;,&quot;TOGGLE_SLIDESHOW&quot;:&quot;Toggle slideshow&quot;,&quot;TOGGLE_FULLSCREEN&quot;:&quot;Toggle full-screen mode&quot;},&quot;Images&quot;:{&quot;Panzoom&quot;:{&quot;maxScale&quot;:2}},&quot;mainClass&quot;:&quot;modula-fancybox-container modula-lightbox-jtg-522&quot;,&quot;Html&quot;:{&quot;videoAutoplay&quot;:0,&quot;videoTpl&quot;:&quot;&lt;video class=\\&quot;fancybox__html5video\\&quot; controls muted playsinline controlsList controlsList=\\&quot;nodownload\\&quot; poster=\\&quot;{{poster}}\\&quot; src=\\&quot;{{src}}\\&quot; type=\\&quot;{{format}}\\&quot; &gt;  Sorry, your browser doesn&#039;t support embedded videos, &lt;a href=\\&quot;{{src}}\\&quot;&gt; download &lt;\\\/a&gt; and watch with your favorite video player! &lt;\\\/video&gt;&quot;}},&quot;inView&quot;:false,&quot;email_subject&quot;:&quot;Check out this awesome image !!&quot;,&quot;email_message&quot;:&quot;Here is the link to the image : %%image_link%% and this is the link to the gallery : %%gallery_link%%&quot;,&quot;lightbox&quot;:&quot;fancybox&quot;}\">\n\n\t\n\t<div  class=\"modula-items\">\n\t\t<div class=\"modula-item effect-pufrobo\" >\n\t<div class=\"modula-item-overlay\"><\/div>\n\n\t<div class=\"modula-item-content\">\n\n\t\t<a data-image-id=\"531\" role=\"button\" tabindex=\"0\" rel=\"jtg-522\" data-caption=\"\" aria-label=\"Open image in lightbox\" class=\"tile-inner modula-item-link\"><\/a><img loading=\"lazy\" decoding=\"async\" class=\"pic wp-image-531\"  data-valign=\"middle\" data-halign=\"center\" alt=\"\" data-full=\"https:\/\/taekwondo-ida.fr\/wp-content\/uploads\/2023\/10\/IMG-20231008-WA0008-1.jpg\" title=\"IMG-20231008-WA0008\" crop=\"\" width=\"225\" height=\"300\" src=\"https:\/\/taekwondo-ida.fr\/wp-content\/uploads\/2023\/10\/IMG-20231008-WA0008-1-225x300.jpg\" data-src=\"https:\/\/taekwondo-ida.fr\/wp-content\/uploads\/2023\/10\/IMG-20231008-WA0008-1-225x300.jpg\" data-caption=\"\" srcset=\"https:\/\/taekwondo-ida.fr\/wp-content\/uploads\/2023\/10\/IMG-20231008-WA0008-1.jpg 1200w, https:\/\/taekwondo-ida.fr\/wp-content\/uploads\/2023\/10\/IMG-20231008-WA0008-1-225x300.jpg 225w, https:\/\/taekwondo-ida.fr\/wp-content\/uploads\/2023\/10\/IMG-20231008-WA0008-1-768x1024.jpg 768w, https:\/\/taekwondo-ida.fr\/wp-content\/uploads\/2023\/10\/IMG-20231008-WA0008-1-1152x1536.jpg 1152w\" sizes=\"auto, (max-width: 225px) 100vw, 225px\" \/>\n\t\t<div class=\"figc no-description\">\n\t\t\t<div class=\"figc-inner\">\n\t\t\t\t\t\t\t\t\t\t\t\t\t\t\t<\/div>\n\t\t<\/div>\n\n\t<\/div>\n\n<\/div><div class=\"modula-item effect-pufrobo\" >\n\t<div class=\"modula-item-overlay\"><\/div>\n\n\t<div class=\"modula-item-content\">\n\n\t\t<a data-image-id=\"532\" role=\"button\" tabindex=\"0\" rel=\"jtg-522\" data-caption=\"\" aria-label=\"Open image in lightbox\" class=\"tile-inner modula-item-link\"><\/a><img loading=\"lazy\" decoding=\"async\" class=\"pic wp-image-532\"  data-valign=\"middle\" data-halign=\"center\" alt=\"\" data-full=\"https:\/\/taekwondo-ida.fr\/wp-content\/uploads\/2023\/10\/IMG-20231008-WA0007-1.jpg\" title=\"IMG-20231008-WA0007\" crop=\"\" width=\"225\" height=\"300\" src=\"https:\/\/taekwondo-ida.fr\/wp-content\/uploads\/2023\/10\/IMG-20231008-WA0007-1-225x300.jpg\" data-src=\"https:\/\/taekwondo-ida.fr\/wp-content\/uploads\/2023\/10\/IMG-20231008-WA0007-1-225x300.jpg\" data-caption=\"\" srcset=\"https:\/\/taekwondo-ida.fr\/wp-content\/uploads\/2023\/10\/IMG-20231008-WA0007-1.jpg 1200w, https:\/\/taekwondo-ida.fr\/wp-content\/uploads\/2023\/10\/IMG-20231008-WA0007-1-225x300.jpg 225w, https:\/\/taekwondo-ida.fr\/wp-content\/uploads\/2023\/10\/IMG-20231008-WA0007-1-768x1024.jpg 768w, https:\/\/taekwondo-ida.fr\/wp-content\/uploads\/2023\/10\/IMG-20231008-WA0007-1-1152x1536.jpg 1152w\" sizes=\"auto, (max-width: 225px) 100vw, 225px\" \/>\n\t\t<div class=\"figc no-description\">\n\t\t\t<div class=\"figc-inner\">\n\t\t\t\t\t\t\t\t\t\t\t\t\t\t\t<\/div>\n\t\t<\/div>\n\n\t<\/div>\n\n<\/div><div class=\"modula-item effect-pufrobo\" >\n\t<div class=\"modula-item-overlay\"><\/div>\n\n\t<div class=\"modula-item-content\">\n\n\t\t<a data-image-id=\"533\" role=\"button\" tabindex=\"0\" rel=\"jtg-522\" data-caption=\"\" aria-label=\"Open image in lightbox\" class=\"tile-inner modula-item-link\"><\/a><img loading=\"lazy\" decoding=\"async\" class=\"pic wp-image-533\"  data-valign=\"middle\" data-halign=\"center\" alt=\"\" data-full=\"https:\/\/taekwondo-ida.fr\/wp-content\/uploads\/2023\/10\/IMG-20231008-WA0006-1.jpg\" title=\"IMG-20231008-WA0006\" crop=\"\" width=\"225\" height=\"300\" src=\"https:\/\/taekwondo-ida.fr\/wp-content\/uploads\/2023\/10\/IMG-20231008-WA0006-1-225x300.jpg\" data-src=\"https:\/\/taekwondo-ida.fr\/wp-content\/uploads\/2023\/10\/IMG-20231008-WA0006-1-225x300.jpg\" data-caption=\"\" srcset=\"https:\/\/taekwondo-ida.fr\/wp-content\/uploads\/2023\/10\/IMG-20231008-WA0006-1.jpg 1200w, https:\/\/taekwondo-ida.fr\/wp-content\/uploads\/2023\/10\/IMG-20231008-WA0006-1-225x300.jpg 225w, https:\/\/taekwondo-ida.fr\/wp-content\/uploads\/2023\/10\/IMG-20231008-WA0006-1-768x1024.jpg 768w, https:\/\/taekwondo-ida.fr\/wp-content\/uploads\/2023\/10\/IMG-20231008-WA0006-1-1152x1536.jpg 1152w\" sizes=\"auto, (max-width: 225px) 100vw, 225px\" \/>\n\t\t<div class=\"figc no-description\">\n\t\t\t<div class=\"figc-inner\">\n\t\t\t\t\t\t\t\t\t\t\t\t\t\t\t<\/div>\n\t\t<\/div>\n\n\t<\/div>\n\n<\/div><div class=\"modula-item effect-pufrobo\" >\n\t<div class=\"modula-item-overlay\"><\/div>\n\n\t<div class=\"modula-item-content\">\n\n\t\t<a data-image-id=\"534\" role=\"button\" tabindex=\"0\" rel=\"jtg-522\" data-caption=\"\" aria-label=\"Open image in lightbox\" class=\"tile-inner modula-item-link\"><\/a><img loading=\"lazy\" decoding=\"async\" class=\"pic wp-image-534\"  data-valign=\"middle\" data-halign=\"center\" alt=\"\" data-full=\"https:\/\/taekwondo-ida.fr\/wp-content\/uploads\/2023\/10\/IMG-20231008-WA0005-1.jpg\" title=\"IMG-20231008-WA0005\" crop=\"\" width=\"225\" height=\"300\" src=\"https:\/\/taekwondo-ida.fr\/wp-content\/uploads\/2023\/10\/IMG-20231008-WA0005-1-225x300.jpg\" data-src=\"https:\/\/taekwondo-ida.fr\/wp-content\/uploads\/2023\/10\/IMG-20231008-WA0005-1-225x300.jpg\" data-caption=\"\" srcset=\"https:\/\/taekwondo-ida.fr\/wp-content\/uploads\/2023\/10\/IMG-20231008-WA0005-1.jpg 1200w, https:\/\/taekwondo-ida.fr\/wp-content\/uploads\/2023\/10\/IMG-20231008-WA0005-1-225x300.jpg 225w, https:\/\/taekwondo-ida.fr\/wp-content\/uploads\/2023\/10\/IMG-20231008-WA0005-1-768x1024.jpg 768w, https:\/\/taekwondo-ida.fr\/wp-content\/uploads\/2023\/10\/IMG-20231008-WA0005-1-1152x1536.jpg 1152w\" sizes=\"auto, (max-width: 225px) 100vw, 225px\" \/>\n\t\t<div class=\"figc no-description\">\n\t\t\t<div class=\"figc-inner\">\n\t\t\t\t\t\t\t\t\t\t\t\t\t\t\t<\/div>\n\t\t<\/div>\n\n\t<\/div>\n\n<\/div><div class=\"modula-item effect-pufrobo\" >\n\t<div class=\"modula-item-overlay\"><\/div>\n\n\t<div class=\"modula-item-content\">\n\n\t\t<a data-image-id=\"535\" role=\"button\" tabindex=\"0\" rel=\"jtg-522\" data-caption=\"\" aria-label=\"Open image in lightbox\" class=\"tile-inner modula-item-link\"><\/a><img loading=\"lazy\" decoding=\"async\" class=\"pic wp-image-535\"  data-valign=\"middle\" data-halign=\"center\" alt=\"\" data-full=\"https:\/\/taekwondo-ida.fr\/wp-content\/uploads\/2023\/10\/IMG-20231008-WA0004-1.jpg\" title=\"IMG-20231008-WA0004\" crop=\"\" width=\"225\" height=\"300\" src=\"https:\/\/taekwondo-ida.fr\/wp-content\/uploads\/2023\/10\/IMG-20231008-WA0004-1-225x300.jpg\" data-src=\"https:\/\/taekwondo-ida.fr\/wp-content\/uploads\/2023\/10\/IMG-20231008-WA0004-1-225x300.jpg\" data-caption=\"\" srcset=\"https:\/\/taekwondo-ida.fr\/wp-content\/uploads\/2023\/10\/IMG-20231008-WA0004-1.jpg 1200w, https:\/\/taekwondo-ida.fr\/wp-content\/uploads\/2023\/10\/IMG-20231008-WA0004-1-225x300.jpg 225w, https:\/\/taekwondo-ida.fr\/wp-content\/uploads\/2023\/10\/IMG-20231008-WA0004-1-768x1024.jpg 768w, https:\/\/taekwondo-ida.fr\/wp-content\/uploads\/2023\/10\/IMG-20231008-WA0004-1-1152x1536.jpg 1152w\" sizes=\"auto, (max-width: 225px) 100vw, 225px\" \/>\n\t\t<div class=\"figc no-description\">\n\t\t\t<div class=\"figc-inner\">\n\t\t\t\t\t\t\t\t\t\t\t\t\t\t\t<\/div>\n\t\t<\/div>\n\n\t<\/div>\n\n<\/div><div class=\"modula-item effect-pufrobo\" >\n\t<div class=\"modula-item-overlay\"><\/div>\n\n\t<div class=\"modula-item-content\">\n\n\t\t<a data-image-id=\"536\" role=\"button\" tabindex=\"0\" rel=\"jtg-522\" data-caption=\"\" aria-label=\"Open image in lightbox\" class=\"tile-inner modula-item-link\"><\/a><img loading=\"lazy\" decoding=\"async\" class=\"pic wp-image-536\"  data-valign=\"middle\" data-halign=\"center\" alt=\"\" data-full=\"https:\/\/taekwondo-ida.fr\/wp-content\/uploads\/2023\/10\/IMG-20231008-WA0003-1.jpg\" title=\"IMG-20231008-WA0003\" crop=\"\" width=\"225\" height=\"300\" src=\"https:\/\/taekwondo-ida.fr\/wp-content\/uploads\/2023\/10\/IMG-20231008-WA0003-1-225x300.jpg\" data-src=\"https:\/\/taekwondo-ida.fr\/wp-content\/uploads\/2023\/10\/IMG-20231008-WA0003-1-225x300.jpg\" data-caption=\"\" srcset=\"https:\/\/taekwondo-ida.fr\/wp-content\/uploads\/2023\/10\/IMG-20231008-WA0003-1.jpg 1200w, https:\/\/taekwondo-ida.fr\/wp-content\/uploads\/2023\/10\/IMG-20231008-WA0003-1-225x300.jpg 225w, https:\/\/taekwondo-ida.fr\/wp-content\/uploads\/2023\/10\/IMG-20231008-WA0003-1-768x1024.jpg 768w, https:\/\/taekwondo-ida.fr\/wp-content\/uploads\/2023\/10\/IMG-20231008-WA0003-1-1152x1536.jpg 1152w\" sizes=\"auto, (max-width: 225px) 100vw, 225px\" \/>\n\t\t<div class=\"figc no-description\">\n\t\t\t<div class=\"figc-inner\">\n\t\t\t\t\t\t\t\t\t\t\t\t\t\t\t<\/div>\n\t\t<\/div>\n\n\t<\/div>\n\n<\/div>\t\t\n\t<\/div>\n\n\t\n\t\n\t<script type=\"application\/ld+json\">\n\t{\n\t\t\"@context\": \"http:\/\/schema.org\",\n\t\t\"@type\"   : \"ImageGallery\",\n\t\t\"id\"      : \"https:\/\/taekwondo-ida.fr\/index.php\/2023\/10\/08\/salon-du-handicap\/\",\n\t\t\"url\"     : \"https:\/\/taekwondo-ida.fr\/index.php\/2023\/10\/08\/salon-du-handicap\/\"\n\t}\n\n\t<\/script>\n\n\t\n<\/div>\n\n\n\n<p><\/p>\n","protected":false},"excerpt":{"rendered":"<p>Le Salon du Handicap s&rsquo;est tenu ce samedi 7 octobre 2023 dans le cadre des actions men\u00e9es par la Mairie de l&rsquo;Isle d&rsquo;Abeau. Le Taekwondo l&rsquo;Isle d&rsquo;Abeau s&rsquo;est port\u00e9 volontaire aupr\u00e8s de la ville et avec de nombreuses associations pour proposer une initiation de Taekwondo \u00e0 des personnes en situation de handicap. Notre association accueille &hellip; <\/p>\n<p class=\"link-more\"><a href=\"https:\/\/taekwondo-ida.fr\/index.php\/2023\/10\/08\/salon-du-handicap\/\" class=\"more-link\">Lire la suite de<span class=\"screen-reader-text\">\u00ab\u00a0Salon du handicap\u00a0\u00bb<\/span><\/a><\/p>\n","protected":false},"author":1,"featured_media":0,"comment_status":"open","ping_status":"open","sticky":false,"template":"","format":"standard","meta":{"footnotes":""},"categories":[1],"tags":[],"class_list":["post-538","post","type-post","status-publish","format-standard","hentry","category-non-classe"],"_links":{"self":[{"href":"https:\/\/taekwondo-ida.fr\/index.php\/wp-json\/wp\/v2\/posts\/538","targetHints":{"allow":["GET"]}}],"collection":[{"href":"https:\/\/taekwondo-ida.fr\/index.php\/wp-json\/wp\/v2\/posts"}],"about":[{"href":"https:\/\/taekwondo-ida.fr\/index.php\/wp-json\/wp\/v2\/types\/post"}],"author":[{"embeddable":true,"href":"https:\/\/taekwondo-ida.fr\/index.php\/wp-json\/wp\/v2\/users\/1"}],"replies":[{"embeddable":true,"href":"https:\/\/taekwondo-ida.fr\/index.php\/wp-json\/wp\/v2\/comments?post=538"}],"version-history":[{"count":1,"href":"https:\/\/taekwondo-ida.fr\/index.php\/wp-json\/wp\/v2\/posts\/538\/revisions"}],"predecessor-version":[{"id":540,"href":"https:\/\/taekwondo-ida.fr\/index.php\/wp-json\/wp\/v2\/posts\/538\/revisions\/540"}],"wp:attachment":[{"href":"https:\/\/taekwondo-ida.fr\/index.php\/wp-json\/wp\/v2\/media?parent=538"}],"wp:term":[{"taxonomy":"category","embeddable":true,"href":"https:\/\/taekwondo-ida.fr\/index.php\/wp-json\/wp\/v2\/categories?post=538"},{"taxonomy":"post_tag","embeddable":true,"href":"https:\/\/taekwondo-ida.fr\/index.php\/wp-json\/wp\/v2\/tags?post=538"}],"curies":[{"name":"wp","href":"https:\/\/api.w.org\/{rel}","templated":true}]}}