{"id":423,"date":"2023-05-09T12:13:18","date_gmt":"2023-05-09T10:13:18","guid":{"rendered":"http:\/\/taekwondo-ida.fr\/?p=423"},"modified":"2023-05-09T12:16:34","modified_gmt":"2023-05-09T10:16:34","slug":"dawssen-champion-de-france","status":"publish","type":"post","link":"https:\/\/taekwondo-ida.fr\/index.php\/2023\/05\/09\/dawssen-champion-de-france\/","title":{"rendered":"Dawssen Champion de France !"},"content":{"rendered":"\n<figure class=\"wp-block-image size-large\"><img loading=\"lazy\" decoding=\"async\" width=\"1024\" height=\"577\" src=\"http:\/\/taekwondo-ida.fr\/wp-content\/uploads\/2023\/05\/Summer-Vibes-1024x577.png\" alt=\"\" class=\"wp-image-431\" srcset=\"https:\/\/taekwondo-ida.fr\/wp-content\/uploads\/2023\/05\/Summer-Vibes-1024x577.png 1024w, https:\/\/taekwondo-ida.fr\/wp-content\/uploads\/2023\/05\/Summer-Vibes-300x169.png 300w, https:\/\/taekwondo-ida.fr\/wp-content\/uploads\/2023\/05\/Summer-Vibes-768x433.png 768w, https:\/\/taekwondo-ida.fr\/wp-content\/uploads\/2023\/05\/Summer-Vibes-1536x865.png 1536w, https:\/\/taekwondo-ida.fr\/wp-content\/uploads\/2023\/05\/Summer-Vibes.png 1640w\" sizes=\"auto, (max-width: 1024px) 100vw, 1024px\" \/><\/figure>\n\n\n\n<p>Nous participions ce samedi 6 mai 2023 \u00e0 la Coupe de France Minimes dans le somptueux Palais des Sports de Lyon-Gerland.<\/p>\n\n\n\n<p>Plus de 350 combattant(e)s ont fait le d\u00e9placements depuis toute la France et Outre-Mer. Les \u00e9quipes de Polyn\u00e9sie Fran\u00e7aise ont fait le d\u00e9placement en M\u00e9tropole !<\/p>\n\n\n\n<p>5 athl\u00e8tes ont fait le d\u00e9placement suite \u00e0 leur qualification acquise lors de la Coupe Auvergne Rh\u00f4ne-Alpes :<\/p>\n\n\n\n<ul class=\"wp-block-list\">\n<li><strong>Sophia HAMED<\/strong> (Minime -29kgs)<\/li>\n\n\n\n<li><strong>Lyne BEN-ISMAEL<\/strong> (Minime -29kgs)<\/li>\n\n\n\n<li><strong>In\u00e8s SELLIER<\/strong> (Minime -29kgs)<\/li>\n<\/ul>\n\n\n\n<p>Les trois combattantes s&rsquo;inclinent au premier tour et ne b\u00e9n\u00e9ficieront pas d&rsquo;un rep\u00eachage pout tenter d&rsquo;obtenir la 3\u00e8me place du podium. Nous saluons malgr\u00e9 tout leurs prestations car il s&rsquo;agissait pour elles d&rsquo;une premi\u00e8re participation \u00e0 une comp\u00e9tition nationale de ce niveau. <\/p>\n\n\n\n<ul class=\"wp-block-list\">\n<li><strong>Imed EL-YOUSSOUFI <\/strong>(Minime &#8211; 27kgs)<\/li>\n<\/ul>\n\n\n\n<p>Apr\u00e8s une belle prestation au premier tour, il s&rsquo;incline de 2 points quelques secondes avant la fin du second combat. Retour \u00e0 l&rsquo;entra\u00eenement afin de corriger les erreurs techniques qui lui vaudront une d\u00e9faite lors de son combat de rep\u00eachage. <\/p>\n\n\n\n<ul class=\"wp-block-list\">\n<li><strong>Dawssen SAAFI (Minime -45kgs) \ud83e\udd47<\/strong><\/li>\n<\/ul>\n\n\n\n<p>Malgr\u00e9 un changement de cat\u00e9gorie, Dawssen arrache une splendide m\u00e9daille d&rsquo;or apr\u00e8s 4 combats. <\/p>\n\n\n\n<p><strong>Il termine vainqueur de cette Coupe de France 2023 \ud83e\udd47<\/strong><\/p>\n\n\n\n<p>Bravo \u00e0 lui ! <\/p>\n\n\n<div  id=\"jtg-426\" class=\"modula modula-gallery modula-creative-gallery\" data-config=\"{&quot;height&quot;:800,&quot;tabletHeight&quot;:800,&quot;mobileHeight&quot;:800,&quot;desktopHeight&quot;:800,&quot;enableTwitter&quot;:false,&quot;enableWhatsapp&quot;:false,&quot;enableFacebook&quot;:false,&quot;enablePinterest&quot;:false,&quot;enableLinkedin&quot;:false,&quot;enableEmail&quot;:false,&quot;randomFactor&quot;:0.5,&quot;type&quot;:&quot;creative-gallery&quot;,&quot;columns&quot;:12,&quot;gutter&quot;:10,&quot;mobileGutter&quot;:10,&quot;tabletGutter&quot;:10,&quot;desktopGutter&quot;:10,&quot;enableResponsive&quot;:&quot;0&quot;,&quot;tabletColumns&quot;:&quot;2&quot;,&quot;mobileColumns&quot;:&quot;1&quot;,&quot;lazyLoad&quot;:0,&quot;lightboxOpts&quot;:{&quot;animated&quot;:true,&quot;Thumbs&quot;:{&quot;type&quot;:&quot;modern&quot;,&quot;showOnStart&quot;:false},&quot;Toolbar&quot;:{&quot;display&quot;:{&quot;right&quot;:[&quot;close&quot;]},&quot;enabled&quot;:true},&quot;Carousel&quot;:{&quot;Panzoom&quot;:{&quot;touch&quot;:true},&quot;infinite&quot;:false},&quot;keyboard&quot;:{&quot;Escape&quot;:&quot;close&quot;,&quot;Delete&quot;:&quot;close&quot;,&quot;Backspace&quot;:&quot;close&quot;,&quot;PageUp&quot;:false,&quot;PageDown&quot;:false,&quot;ArrowUp&quot;:false,&quot;ArrowDown&quot;:false,&quot;ArrowRight&quot;:false,&quot;ArrowLeft&quot;:false},&quot;touch&quot;:false,&quot;backdropClick&quot;:false,&quot;l10n&quot;:{&quot;CLOSE&quot;:&quot;Close&quot;,&quot;NEXT&quot;:&quot;Next&quot;,&quot;PREV&quot;:&quot;Previous&quot;,&quot;Error&quot;:&quot;The requested content cannot be loaded. Please try again later.&quot;,&quot;PLAY_START&quot;:&quot;Start slideshow&quot;,&quot;PLAY_STOP&quot;:&quot;Pause slideshow&quot;,&quot;FULL_SCREEN&quot;:&quot;Full screen&quot;,&quot;THUMBS&quot;:&quot;Thumbnails&quot;,&quot;DOWNLOAD&quot;:&quot;Download&quot;,&quot;SHARE&quot;:&quot;Share&quot;,&quot;ZOOM&quot;:&quot;Zoom&quot;,&quot;EMAIL&quot;:&quot;Here is the link to the image : %%image_link%% and this is the link to the gallery : %%gallery_link%%&quot;,&quot;MODAL&quot;:&quot;You can close this modal content with the ESC key&quot;,&quot;ERROR&quot;:&quot;Something Went Wrong, Please Try Again Later&quot;,&quot;IMAGE_ERROR&quot;:&quot;Image Not Found&quot;,&quot;ELEMENT_NOT_FOUND&quot;:&quot;HTML Element Not Found&quot;,&quot;AJAX_NOT_FOUND&quot;:&quot;Error Loading AJAX : Not Found&quot;,&quot;AJAX_FORBIDDEN&quot;:&quot;Error Loading AJAX : Forbidden&quot;,&quot;IFRAME_ERROR&quot;:&quot;Error Loading Page&quot;,&quot;TOGGLE_ZOOM&quot;:&quot;Toggle zoom level&quot;,&quot;TOGGLE_THUMBS&quot;:&quot;Toggle thumbnails&quot;,&quot;TOGGLE_SLIDESHOW&quot;:&quot;Toggle slideshow&quot;,&quot;TOGGLE_FULLSCREEN&quot;:&quot;Toggle full-screen mode&quot;},&quot;Images&quot;:{&quot;Panzoom&quot;:{&quot;maxScale&quot;:2}},&quot;mainClass&quot;:&quot;modula-fancybox-container modula-lightbox-jtg-426&quot;,&quot;Html&quot;:{&quot;videoAutoplay&quot;:0,&quot;videoTpl&quot;:&quot;&lt;video class=\\&quot;fancybox__html5video\\&quot; controls muted playsinline controlsList controlsList=\\&quot;nodownload\\&quot; poster=\\&quot;{{poster}}\\&quot; src=\\&quot;{{src}}\\&quot; type=\\&quot;{{format}}\\&quot; &gt;  Sorry, your browser doesn&#039;t support embedded videos, &lt;a href=\\&quot;{{src}}\\&quot;&gt; download &lt;\\\/a&gt; and watch with your favorite video player! &lt;\\\/video&gt;&quot;}},&quot;inView&quot;:false,&quot;email_subject&quot;:&quot;Check out this awesome image !!&quot;,&quot;email_message&quot;:&quot;Here is the link to the image : %%image_link%% and this is the link to the gallery : %%gallery_link%%&quot;,&quot;lightbox&quot;:&quot;fancybox&quot;}\">\n\n\t\n\t<div  class=\"modula-items\">\n\t\t<div class=\"modula-item effect-pufrobo\" >\n\t<div class=\"modula-item-overlay\"><\/div>\n\n\t<div class=\"modula-item-content\">\n\n\t\t<a data-image-id=\"428\" role=\"button\" tabindex=\"0\" rel=\"jtg-426\" data-caption=\"\" aria-label=\"Open image in lightbox\" class=\"tile-inner modula-item-link\"><\/a><img loading=\"lazy\" decoding=\"async\" class=\"pic wp-image-428\"  data-valign=\"middle\" data-halign=\"center\" alt=\"\" data-full=\"https:\/\/taekwondo-ida.fr\/wp-content\/uploads\/2023\/05\/345588667_548920213989168_3061139304993760293_n.jpg\" title=\"345588667_548920213989168_3061139304993760293_n\" crop=\"\" width=\"300\" height=\"200\" src=\"https:\/\/taekwondo-ida.fr\/wp-content\/uploads\/2023\/05\/345588667_548920213989168_3061139304993760293_n-300x200.jpg\" data-src=\"https:\/\/taekwondo-ida.fr\/wp-content\/uploads\/2023\/05\/345588667_548920213989168_3061139304993760293_n-300x200.jpg\" data-caption=\"\" srcset=\"https:\/\/taekwondo-ida.fr\/wp-content\/uploads\/2023\/05\/345588667_548920213989168_3061139304993760293_n.jpg 2048w, https:\/\/taekwondo-ida.fr\/wp-content\/uploads\/2023\/05\/345588667_548920213989168_3061139304993760293_n-300x200.jpg 300w, https:\/\/taekwondo-ida.fr\/wp-content\/uploads\/2023\/05\/345588667_548920213989168_3061139304993760293_n-1024x683.jpg 1024w, https:\/\/taekwondo-ida.fr\/wp-content\/uploads\/2023\/05\/345588667_548920213989168_3061139304993760293_n-768x512.jpg 768w, https:\/\/taekwondo-ida.fr\/wp-content\/uploads\/2023\/05\/345588667_548920213989168_3061139304993760293_n-1536x1024.jpg 1536w, https:\/\/taekwondo-ida.fr\/wp-content\/uploads\/2023\/05\/345588667_548920213989168_3061139304993760293_n-360x240.jpg 360w\" sizes=\"auto, (max-width: 300px) 100vw, 300px\" \/>\n\t\t<div class=\"figc no-description\">\n\t\t\t<div class=\"figc-inner\">\n\t\t\t\t\t\t\t\t\t\t\t\t\t\t\t<\/div>\n\t\t<\/div>\n\n\t<\/div>\n\n<\/div><div class=\"modula-item effect-pufrobo\" >\n\t<div class=\"modula-item-overlay\"><\/div>\n\n\t<div class=\"modula-item-content\">\n\n\t\t<a data-image-id=\"429\" role=\"button\" tabindex=\"0\" rel=\"jtg-426\" data-caption=\"\" aria-label=\"Open image in lightbox\" class=\"tile-inner modula-item-link\"><\/a><img loading=\"lazy\" decoding=\"async\" class=\"pic wp-image-429\"  data-valign=\"middle\" data-halign=\"center\" alt=\"\" data-full=\"https:\/\/taekwondo-ida.fr\/wp-content\/uploads\/2023\/05\/344969530_642641507691069_4362812721852470460_n.jpg\" title=\"344969530_642641507691069_4362812721852470460_n\" crop=\"\" width=\"300\" height=\"200\" src=\"https:\/\/taekwondo-ida.fr\/wp-content\/uploads\/2023\/05\/344969530_642641507691069_4362812721852470460_n-300x200.jpg\" data-src=\"https:\/\/taekwondo-ida.fr\/wp-content\/uploads\/2023\/05\/344969530_642641507691069_4362812721852470460_n-300x200.jpg\" data-caption=\"\" srcset=\"https:\/\/taekwondo-ida.fr\/wp-content\/uploads\/2023\/05\/344969530_642641507691069_4362812721852470460_n.jpg 2048w, https:\/\/taekwondo-ida.fr\/wp-content\/uploads\/2023\/05\/344969530_642641507691069_4362812721852470460_n-300x200.jpg 300w, https:\/\/taekwondo-ida.fr\/wp-content\/uploads\/2023\/05\/344969530_642641507691069_4362812721852470460_n-1024x683.jpg 1024w, https:\/\/taekwondo-ida.fr\/wp-content\/uploads\/2023\/05\/344969530_642641507691069_4362812721852470460_n-768x512.jpg 768w, https:\/\/taekwondo-ida.fr\/wp-content\/uploads\/2023\/05\/344969530_642641507691069_4362812721852470460_n-1536x1024.jpg 1536w, https:\/\/taekwondo-ida.fr\/wp-content\/uploads\/2023\/05\/344969530_642641507691069_4362812721852470460_n-360x240.jpg 360w\" sizes=\"auto, (max-width: 300px) 100vw, 300px\" \/>\n\t\t<div class=\"figc no-description\">\n\t\t\t<div class=\"figc-inner\">\n\t\t\t\t\t\t\t\t\t\t\t\t\t\t\t<\/div>\n\t\t<\/div>\n\n\t<\/div>\n\n<\/div><div class=\"modula-item effect-pufrobo\" >\n\t<div class=\"modula-item-overlay\"><\/div>\n\n\t<div class=\"modula-item-content\">\n\n\t\t<a data-image-id=\"430\" role=\"button\" tabindex=\"0\" rel=\"jtg-426\" data-caption=\"\" aria-label=\"Open image in lightbox\" class=\"tile-inner modula-item-link\"><\/a><img loading=\"lazy\" decoding=\"async\" class=\"pic wp-image-430\"  data-valign=\"middle\" data-halign=\"center\" alt=\"\" data-full=\"https:\/\/taekwondo-ida.fr\/wp-content\/uploads\/2023\/05\/345588052_136330299425528_3966250905162041429_n.jpg\" title=\"345588052_136330299425528_3966250905162041429_n\" crop=\"\" width=\"225\" height=\"300\" src=\"https:\/\/taekwondo-ida.fr\/wp-content\/uploads\/2023\/05\/345588052_136330299425528_3966250905162041429_n-225x300.jpg\" data-src=\"https:\/\/taekwondo-ida.fr\/wp-content\/uploads\/2023\/05\/345588052_136330299425528_3966250905162041429_n-225x300.jpg\" data-caption=\"\" srcset=\"https:\/\/taekwondo-ida.fr\/wp-content\/uploads\/2023\/05\/345588052_136330299425528_3966250905162041429_n.jpg 1536w, https:\/\/taekwondo-ida.fr\/wp-content\/uploads\/2023\/05\/345588052_136330299425528_3966250905162041429_n-225x300.jpg 225w, https:\/\/taekwondo-ida.fr\/wp-content\/uploads\/2023\/05\/345588052_136330299425528_3966250905162041429_n-768x1024.jpg 768w, https:\/\/taekwondo-ida.fr\/wp-content\/uploads\/2023\/05\/345588052_136330299425528_3966250905162041429_n-1152x1536.jpg 1152w\" sizes=\"auto, (max-width: 225px) 100vw, 225px\" \/>\n\t\t<div class=\"figc no-description\">\n\t\t\t<div class=\"figc-inner\">\n\t\t\t\t\t\t\t\t\t\t\t\t\t\t\t<\/div>\n\t\t<\/div>\n\n\t<\/div>\n\n<\/div>\t\t\n\t<\/div>\n\n\t\n\t\n\t<script type=\"application\/ld+json\">\n\t{\n\t\t\"@context\": \"http:\/\/schema.org\",\n\t\t\"@type\"   : \"ImageGallery\",\n\t\t\"id\"      : \"https:\/\/taekwondo-ida.fr\/index.php\/2023\/05\/09\/dawssen-champion-de-france\/\",\n\t\t\"url\"     : \"https:\/\/taekwondo-ida.fr\/index.php\/2023\/05\/09\/dawssen-champion-de-france\/\"\n\t}\n\n\t<\/script>\n\n\t\n<\/div>\n","protected":false},"excerpt":{"rendered":"<p>Nous participions ce samedi 6 mai 2023 \u00e0 la Coupe de France Minimes dans le somptueux Palais des Sports de Lyon-Gerland. Plus de 350 combattant(e)s ont fait le d\u00e9placements depuis toute la France et Outre-Mer. Les \u00e9quipes de Polyn\u00e9sie Fran\u00e7aise ont fait le d\u00e9placement en M\u00e9tropole ! 5 athl\u00e8tes ont fait le d\u00e9placement suite \u00e0 &hellip; <\/p>\n<p class=\"link-more\"><a href=\"https:\/\/taekwondo-ida.fr\/index.php\/2023\/05\/09\/dawssen-champion-de-france\/\" class=\"more-link\">Lire la suite de<span class=\"screen-reader-text\">\u00ab\u00a0Dawssen Champion de France !\u00a0\u00bb<\/span><\/a><\/p>\n","protected":false},"author":1,"featured_media":0,"comment_status":"open","ping_status":"open","sticky":false,"template":"","format":"standard","meta":{"footnotes":""},"categories":[1],"tags":[],"class_list":["post-423","post","type-post","status-publish","format-standard","hentry","category-non-classe"],"_links":{"self":[{"href":"https:\/\/taekwondo-ida.fr\/index.php\/wp-json\/wp\/v2\/posts\/423","targetHints":{"allow":["GET"]}}],"collection":[{"href":"https:\/\/taekwondo-ida.fr\/index.php\/wp-json\/wp\/v2\/posts"}],"about":[{"href":"https:\/\/taekwondo-ida.fr\/index.php\/wp-json\/wp\/v2\/types\/post"}],"author":[{"embeddable":true,"href":"https:\/\/taekwondo-ida.fr\/index.php\/wp-json\/wp\/v2\/users\/1"}],"replies":[{"embeddable":true,"href":"https:\/\/taekwondo-ida.fr\/index.php\/wp-json\/wp\/v2\/comments?post=423"}],"version-history":[{"count":2,"href":"https:\/\/taekwondo-ida.fr\/index.php\/wp-json\/wp\/v2\/posts\/423\/revisions"}],"predecessor-version":[{"id":432,"href":"https:\/\/taekwondo-ida.fr\/index.php\/wp-json\/wp\/v2\/posts\/423\/revisions\/432"}],"wp:attachment":[{"href":"https:\/\/taekwondo-ida.fr\/index.php\/wp-json\/wp\/v2\/media?parent=423"}],"wp:term":[{"taxonomy":"category","embeddable":true,"href":"https:\/\/taekwondo-ida.fr\/index.php\/wp-json\/wp\/v2\/categories?post=423"},{"taxonomy":"post_tag","embeddable":true,"href":"https:\/\/taekwondo-ida.fr\/index.php\/wp-json\/wp\/v2\/tags?post=423"}],"curies":[{"name":"wp","href":"https:\/\/api.w.org\/{rel}","templated":true}]}}