{"id":211,"date":"2022-12-10T19:33:51","date_gmt":"2022-12-10T18:33:51","guid":{"rendered":"http:\/\/taekwondo-ida.fr\/?p=211"},"modified":"2022-12-10T19:33:51","modified_gmt":"2022-12-10T18:33:51","slug":"depart-pour-lopen-labelise-dile-de-france","status":"publish","type":"post","link":"https:\/\/taekwondo-ida.fr\/index.php\/2022\/12\/10\/depart-pour-lopen-labelise-dile-de-france\/","title":{"rendered":"D\u00e9part pour l&rsquo;Open lab\u00e9lis\u00e9 d&rsquo;\u00cele de France"},"content":{"rendered":"\n<p>Ce Samedi 10 et Dimanche 11 d\u00e9cembre aura lieu le prestigieux Open International d&rsquo;Ile de France. <\/p>\n\n\n\n<p>7 combattants du club ont fait le d\u00e9placement pour tenter de d\u00e9crocher une nouvelle m\u00e9daille apr\u00e8s les superbes r\u00e9sultats du Championnat de R\u00e9gion de la semaine pr\u00e9c\u00e9dente. <\/p>\n\n\n\n<p>Force et courage \u00e0 Wafa, Caoutar, Emma, Adem, Velican, Mohamed-Ali et Anthony ! <\/p>\n\n\n\n<figure class=\"wp-block-image size-large\"><img loading=\"lazy\" decoding=\"async\" width=\"1024\" height=\"1024\" src=\"http:\/\/taekwondo-ida.fr\/wp-content\/uploads\/2022\/12\/278-1024x1024.jpg\" alt=\"\" class=\"wp-image-212\" srcset=\"https:\/\/taekwondo-ida.fr\/wp-content\/uploads\/2022\/12\/278-1024x1024.jpg 1024w, https:\/\/taekwondo-ida.fr\/wp-content\/uploads\/2022\/12\/278-300x300.jpg 300w, https:\/\/taekwondo-ida.fr\/wp-content\/uploads\/2022\/12\/278-150x150.jpg 150w, https:\/\/taekwondo-ida.fr\/wp-content\/uploads\/2022\/12\/278-768x768.jpg 768w, https:\/\/taekwondo-ida.fr\/wp-content\/uploads\/2022\/12\/278-100x100.jpg 100w, https:\/\/taekwondo-ida.fr\/wp-content\/uploads\/2022\/12\/278.jpg 1080w\" sizes=\"auto, (max-width: 1024px) 100vw, 1024px\" \/><\/figure>\n","protected":false},"excerpt":{"rendered":"<p>Ce Samedi 10 et Dimanche 11 d\u00e9cembre aura lieu le prestigieux Open International d&rsquo;Ile de France. 7 combattants du club ont fait le d\u00e9placement pour tenter de d\u00e9crocher une nouvelle m\u00e9daille apr\u00e8s les superbes r\u00e9sultats du Championnat de R\u00e9gion de la semaine pr\u00e9c\u00e9dente. Force et courage \u00e0 Wafa, Caoutar, Emma, Adem, Velican, Mohamed-Ali et Anthony &hellip; <\/p>\n<p class=\"link-more\"><a href=\"https:\/\/taekwondo-ida.fr\/index.php\/2022\/12\/10\/depart-pour-lopen-labelise-dile-de-france\/\" class=\"more-link\">Lire la suite de<span class=\"screen-reader-text\">\u00ab\u00a0D\u00e9part pour l&rsquo;Open lab\u00e9lis\u00e9 d&rsquo;\u00cele de France\u00a0\u00bb<\/span><\/a><\/p>\n","protected":false},"author":1,"featured_media":0,"comment_status":"open","ping_status":"open","sticky":false,"template":"","format":"standard","meta":{"footnotes":""},"categories":[1],"tags":[],"class_list":["post-211","post","type-post","status-publish","format-standard","hentry","category-non-classe"],"_links":{"self":[{"href":"https:\/\/taekwondo-ida.fr\/index.php\/wp-json\/wp\/v2\/posts\/211","targetHints":{"allow":["GET"]}}],"collection":[{"href":"https:\/\/taekwondo-ida.fr\/index.php\/wp-json\/wp\/v2\/posts"}],"about":[{"href":"https:\/\/taekwondo-ida.fr\/index.php\/wp-json\/wp\/v2\/types\/post"}],"author":[{"embeddable":true,"href":"https:\/\/taekwondo-ida.fr\/index.php\/wp-json\/wp\/v2\/users\/1"}],"replies":[{"embeddable":true,"href":"https:\/\/taekwondo-ida.fr\/index.php\/wp-json\/wp\/v2\/comments?post=211"}],"version-history":[{"count":1,"href":"https:\/\/taekwondo-ida.fr\/index.php\/wp-json\/wp\/v2\/posts\/211\/revisions"}],"predecessor-version":[{"id":213,"href":"https:\/\/taekwondo-ida.fr\/index.php\/wp-json\/wp\/v2\/posts\/211\/revisions\/213"}],"wp:attachment":[{"href":"https:\/\/taekwondo-ida.fr\/index.php\/wp-json\/wp\/v2\/media?parent=211"}],"wp:term":[{"taxonomy":"category","embeddable":true,"href":"https:\/\/taekwondo-ida.fr\/index.php\/wp-json\/wp\/v2\/categories?post=211"},{"taxonomy":"post_tag","embeddable":true,"href":"https:\/\/taekwondo-ida.fr\/index.php\/wp-json\/wp\/v2\/tags?post=211"}],"curies":[{"name":"wp","href":"https:\/\/api.w.org\/{rel}","templated":true}]}}